{"id":70662,"date":"2020-06-05T09:49:28","date_gmt":"2020-06-05T12:49:28","guid":{"rendered":"http:\/\/vinasfm.com\/noticias\/?p=70662"},"modified":"2020-06-08T02:30:47","modified_gmt":"2020-06-08T05:30:47","slug":"mendoza-entraria-en-etapa-de-distanciamiento-social-y-podria-autorizar-mas-actividades","status":"publish","type":"post","link":"https:\/\/vinasfm.com\/noticias\/mendoza-entraria-en-etapa-de-distanciamiento-social-y-podria-autorizar-mas-actividades\/","title":{"rendered":"MENDOZA ENTRAR\u00cdA EN &#8216;ETAPA DE DISTANCIAMIENTO SOCIAL&#8217; Y PODR\u00cdA AUTORIZAR M\u00c1S ACTIVIDADES"},"content":{"rendered":"<h4><strong>La provincia de Mendoza ingresar\u00eda en la \u00abetapa de distanciamiento social\u00bb, dejando atr\u00e1s la cuarentena obligatoria por coronavirus <\/strong>desde el\u00a0<strong>pr\u00f3ximo\u00a0lunes 8 de junio, por lo que podr\u00eda\u00a0autorizar el regreso de nuevas actividades.\u00a0<\/strong><\/h4>\n<p><strong>\u00ab<em>Hay 18 provincias que no tienen circulaci\u00f3n comunitaria de Covid-19. Solo continuar\u00e1 el aislamiento obligatorio en las ciudades con circulaci\u00f3n del virus, el resto pasa a la etapa de distanciamiento social<\/em>\u00ab,\u00a0<\/strong>asegur\u00f3 el presidente Alberto Fern\u00e1ndez este jueves.<\/p>\n<p>Y agreg\u00f3: \u00ab<em>Las actividades que se habiliten deber\u00e1n cumplir con las normas sanitarias<\/em>\u00ab.<\/p>\n<p>En tanto, Fern\u00e1ndez adelant\u00f3 que para las<strong>\u00a0ciudades con circulaci\u00f3n (Buenos Aires, Capital Federal, Gran Resistencia, Gran C\u00f3rdoba, Trelew y Rio Negro) la cuarentena obligatoria se extender\u00e1 21 d\u00edas m\u00e1s, hasta el 28 de junio.\u00a0<\/strong><\/p>\n<p><strong>A la espera de la publicaci\u00f3n del decreto del Gobierno Nacional<\/strong>, Mendoza podr\u00e1 empezar a pensar en reactivar sectores y actividades desde la semana que viene.<\/p>\n<h4><strong>\u00bfQU\u00c9 DIJO EL GOBERNADOR?<\/strong><\/h4>\n<p><strong>El gobernador Rodolfo Suarez aclar\u00f3 en la noche de este jueves que Mendoza seguir\u00e1 con la misma fase de cuarentena y todav\u00eda no ingresar\u00e1 a la etapa de distanciamiento social y preventivo.<\/strong><\/p>\n<p><em>\u00ab<strong>Hasta el momento, Mendoza no sale de la cuarentena<\/strong><\/em>\u00ab, explic\u00f3. Acto seguido, el mandatario sostuvo que \u00ab<em><strong>vamos a esperar el decreto del Gobierno nacional<\/strong>. Siempre hay que esperar. Hasta el domingo est\u00e1 vigente el DNU de la Naci\u00f3n y el que tenemos en la provincia.\u00a0<strong>A partir del lunes podremos flexibilizar alguna actividad<\/strong>, como el shopping, deportes individuales<\/em>\u00ab.<\/p>\n<p>Suarez consider\u00f3 que todav\u00eda hay que ser prudentes en los cuidados ya que \u00abel peligro est\u00e1 latente, tenemos el foco de Chile.\u00a0<strong>Vamos a seguir evaluando<\/strong>, pero hasta el momento en Mendoza todo sigue igual\u00bb.<\/p>\n<p>\u00ab<strong><em>En las redes sociales hay una euforia de que salimos y no es as\u00ed\u00bb<\/em><\/strong>, recalc\u00f3.<\/p>\n<p>Por eso, tras el anuncio presidencial, sali\u00f3 a calmar las aguas a trav\u00e9s de sus redes.<\/p>\n<p>\u00ab<strong><em>En Mendoza, hasta que no est\u00e9 publicado el Decreto de Necesidad y Urgencia, con la informaci\u00f3n correspondiente a la nueva fase de distanciamiento social, seguimos con la cuarentena y la situaci\u00f3n actual. Igualmente, el decreto actual, tiene vigencia hasta el domingo 7 de junio<\/em><\/strong>\u00ab, expres\u00f3.<\/p>\n<p><a href=\"http:\/\/vinasfm.com\/noticias\/wp-content\/uploads\/2020\/06\/Screenshot_20200604-223046.png\"><img loading=\"lazy\" decoding=\"async\" class=\"size-medium wp-image-70670 aligncenter\" src=\"http:\/\/vinasfm.com\/noticias\/wp-content\/uploads\/2020\/06\/Screenshot_20200604-223046-300x255.png\" alt=\"\" width=\"300\" height=\"255\" srcset=\"https:\/\/vinasfm.com\/noticias\/wp-content\/uploads\/2020\/06\/Screenshot_20200604-223046-300x255.png 300w, https:\/\/vinasfm.com\/noticias\/wp-content\/uploads\/2020\/06\/Screenshot_20200604-223046.png 693w\" sizes=\"auto, (max-width: 300px) 100vw, 300px\" \/><\/a><\/p>\n<h5><em>\u2022F.B.<\/em><\/h5>\n","protected":false},"excerpt":{"rendered":"<p>La provincia de Mendoza ingresar\u00eda en la \u00abetapa de distanciamiento social\u00bb, dejando atr\u00e1s la cuarentena obligatoria por coronavirus desde el\u00a0pr\u00f3ximo\u00a0lunes 8 &#8230;<\/p>\n","protected":false},"author":8,"featured_media":70221,"comment_status":"open","ping_status":"open","sticky":false,"template":"","format":"standard","meta":{"footnotes":""},"categories":[5,72],"tags":[],"class_list":["post-70662","post","type-post","status-publish","format-standard","has-post-thumbnail","hentry","category-actualidad","category-cuarentena"],"_links":{"self":[{"href":"https:\/\/vinasfm.com\/noticias\/wp-json\/wp\/v2\/posts\/70662","targetHints":{"allow":["GET"]}}],"collection":[{"href":"https:\/\/vinasfm.com\/noticias\/wp-json\/wp\/v2\/posts"}],"about":[{"href":"https:\/\/vinasfm.com\/noticias\/wp-json\/wp\/v2\/types\/post"}],"author":[{"embeddable":true,"href":"https:\/\/vinasfm.com\/noticias\/wp-json\/wp\/v2\/users\/8"}],"replies":[{"embeddable":true,"href":"https:\/\/vinasfm.com\/noticias\/wp-json\/wp\/v2\/comments?post=70662"}],"version-history":[{"count":2,"href":"https:\/\/vinasfm.com\/noticias\/wp-json\/wp\/v2\/posts\/70662\/revisions"}],"predecessor-version":[{"id":70673,"href":"https:\/\/vinasfm.com\/noticias\/wp-json\/wp\/v2\/posts\/70662\/revisions\/70673"}],"wp:featuredmedia":[{"embeddable":true,"href":"https:\/\/vinasfm.com\/noticias\/wp-json\/wp\/v2\/media\/70221"}],"wp:attachment":[{"href":"https:\/\/vinasfm.com\/noticias\/wp-json\/wp\/v2\/media?parent=70662"}],"wp:term":[{"taxonomy":"category","embeddable":true,"href":"https:\/\/vinasfm.com\/noticias\/wp-json\/wp\/v2\/categories?post=70662"},{"taxonomy":"post_tag","embeddable":true,"href":"https:\/\/vinasfm.com\/noticias\/wp-json\/wp\/v2\/tags?post=70662"}],"curies":[{"name":"wp","href":"https:\/\/api.w.org\/{rel}","templated":true}]}}