{"id":70653,"date":"2020-06-05T08:21:18","date_gmt":"2020-06-05T11:21:18","guid":{"rendered":"http:\/\/vinasfm.com\/noticias\/?p=70653"},"modified":"2020-06-05T11:23:19","modified_gmt":"2020-06-05T14:23:19","slug":"sin-nuevos-casos-en-mendoza-cuatro-pacientes-se-recuperaron-de-covid-19","status":"publish","type":"post","link":"https:\/\/vinasfm.com\/noticias\/sin-nuevos-casos-en-mendoza-cuatro-pacientes-se-recuperaron-de-covid-19\/","title":{"rendered":"SIN NUEVOS CASOS EN MENDOZA, CUATRO PACIENTES SE RECUPERARON DE COVID-19"},"content":{"rendered":"<h4><strong>Buenas noticias para los mendocinos y mendocinas, en el reporte vespertino que envi\u00f3 la\u00a0Direcci\u00f3n de Epidemiolog\u00eda de la Provincia, se conoci\u00f3 que cuatro pacientes que tuvieron coronavirus se recuperaron.<\/strong><\/h4>\n<p>En detalle se trat\u00f3 de:<\/p>\n<ul>\n<li>Hombre de 61 a\u00f1os internado en el Hospital Espa\u00f1ol.<\/li>\n<li>Hombre de 36 a\u00f1os internado en el Hospital Lencinas.<\/li>\n<li>Hombre de 43 a\u00f1os internado en el Hospital El Carmen.<\/li>\n<li>Mujer de 68 a\u00f1os internada en el Hospital El Carmen.<\/li>\n<\/ul>\n<p>Por otro lado desde la Cartera de Salud que conduce la<strong>\u00a0ministra Nadal<\/strong>, informaron que este jueves se llevaron adelante 47 determinaciones de COVID-19.<\/p>\n<p><strong>El total de ellas dio negativo como resultado y en la provincia no se registraron nuevos casos positivos.<\/strong><\/p>\n<h4><strong>Cifras de la pandemia en Mendoza<\/strong><\/h4>\n<p>Hasta el momento la provincia cuenta con 94 casos confirmados. 42 de ellos son importados, es decir de personas que han llegado desde el exterior, 46 por contacto estrecho con esos mismos casos positivos y actualmente seis se encuentran bajo investigaci\u00f3n epidemiol\u00f3gica.<\/p>\n<p>Hasta el momento, 71 personas se han recuperado del virus y nueve han perdido la vida a causa del mismo.<\/p>\n<p><strong>Los casos informados pertenecen a la totalidad del sistema sanitario, p\u00fablico y privado.<\/strong><\/p>\n<h5><em>\u2022F.B. (F.M. Vi\u00f1as).<\/em><\/h5>\n","protected":false},"excerpt":{"rendered":"<p>Buenas noticias para los mendocinos y mendocinas, en el reporte vespertino que envi\u00f3 la\u00a0Direcci\u00f3n de Epidemiolog\u00eda de la Provincia, se conoci\u00f3 &#8230;<\/p>\n","protected":false},"author":8,"featured_media":70654,"comment_status":"open","ping_status":"open","sticky":false,"template":"","format":"standard","meta":{"footnotes":""},"categories":[5,62],"tags":[],"class_list":["post-70653","post","type-post","status-publish","format-standard","has-post-thumbnail","hentry","category-actualidad","category-coronavirus"],"_links":{"self":[{"href":"https:\/\/vinasfm.com\/noticias\/wp-json\/wp\/v2\/posts\/70653","targetHints":{"allow":["GET"]}}],"collection":[{"href":"https:\/\/vinasfm.com\/noticias\/wp-json\/wp\/v2\/posts"}],"about":[{"href":"https:\/\/vinasfm.com\/noticias\/wp-json\/wp\/v2\/types\/post"}],"author":[{"embeddable":true,"href":"https:\/\/vinasfm.com\/noticias\/wp-json\/wp\/v2\/users\/8"}],"replies":[{"embeddable":true,"href":"https:\/\/vinasfm.com\/noticias\/wp-json\/wp\/v2\/comments?post=70653"}],"version-history":[{"count":1,"href":"https:\/\/vinasfm.com\/noticias\/wp-json\/wp\/v2\/posts\/70653\/revisions"}],"predecessor-version":[{"id":70655,"href":"https:\/\/vinasfm.com\/noticias\/wp-json\/wp\/v2\/posts\/70653\/revisions\/70655"}],"wp:featuredmedia":[{"embeddable":true,"href":"https:\/\/vinasfm.com\/noticias\/wp-json\/wp\/v2\/media\/70654"}],"wp:attachment":[{"href":"https:\/\/vinasfm.com\/noticias\/wp-json\/wp\/v2\/media?parent=70653"}],"wp:term":[{"taxonomy":"category","embeddable":true,"href":"https:\/\/vinasfm.com\/noticias\/wp-json\/wp\/v2\/categories?post=70653"},{"taxonomy":"post_tag","embeddable":true,"href":"https:\/\/vinasfm.com\/noticias\/wp-json\/wp\/v2\/tags?post=70653"}],"curies":[{"name":"wp","href":"https:\/\/api.w.org\/{rel}","templated":true}]}}