{"id":70539,"date":"2020-06-03T10:50:24","date_gmt":"2020-06-03T13:50:24","guid":{"rendered":"http:\/\/vinasfm.com\/noticias\/?p=70539"},"modified":"2020-06-03T21:52:27","modified_gmt":"2020-06-04T00:52:27","slug":"marcolini-presentara-la-experiencia-de-alvear-en-la-maraton-por-la-accion-climatica","status":"publish","type":"post","link":"https:\/\/vinasfm.com\/noticias\/marcolini-presentara-la-experiencia-de-alvear-en-la-maraton-por-la-accion-climatica\/","title":{"rendered":"MARCOLINI PRESENTAR\u00c1 LA EXPERIENCIA DE ALVEAR EN LA MARAT\u00d3N POR LA ACCI\u00d3N CLIM\u00c1TICA"},"content":{"rendered":"<h4><strong>El viernes 5 de junio, D\u00eda Mundial del Ambiente, m\u00e1s de sesenta l\u00edderes locales de todo el pa\u00eds, adheridos a la Red Argentina de Municipios frente al Cambio Clim\u00e1tico, presentar\u00e1n estrategias locales de mitigaci\u00f3n y adaptaci\u00f3n al Cambio Clim\u00e1tico durante diez (10) horas de transmisi\u00f3n en vivo. <\/strong><\/h4>\n<p><strong>Walther Marcolini<\/strong>, intendente de la ciudad de General Alvear, participar\u00e1 de la <strong>Marat\u00f3n por la Acci\u00f3n Clim\u00e1tica<\/strong> exponiendo las iniciativas realizadas en el marco del <strong>Plan Local de Acci\u00f3n Clim\u00e1tica a las 9:40 horas por el canal de Youtube<\/strong> o la cuenta de Facebook de <strong><em>Noticias Positivas<\/em><\/strong>.<\/p>\n<p>\u201c<em>Los gobiernos locales adheridos a la RAMCC dejan a un lado las diferencias partidarias para abocarse a una problem\u00e1tica compleja y com\u00fan a todos, el cambio clim\u00e1tico. En esta Marat\u00f3n por la Acci\u00f3n Clim\u00e1tica se quiere demostrar con acciones concretas la oportunidad y el alcance que tienen las ciudades como actores estrat\u00e9gicos de transformaci\u00f3n hacia sociedades sostenibles, y la importancia de unir esfuerzos para enfrentar esta situaci\u00f3n<\/em>\u201d, explic\u00f3 <strong>Ricardo Bertolino<\/strong>, <strong>director ejecutivo de la RAMCC<\/strong>.<\/p>\n<p>Adem\u00e1s, agreg\u00f3: \u201c<em>En este momento hay una necesidad imperiosa de ir a la acci\u00f3n, el cambio clim\u00e1tico es una realidad y nos parece importante como Red divulgar los resultados positivos que son consecuencia de proyectos colectivos de acci\u00f3n clim\u00e1tica\u201d.<\/em><\/p>\n<p><strong>\u00bfC\u00f3mo se llevar\u00e1 adelante?<\/strong><\/p>\n<p>La <strong>#Marat\u00f3nClim\u00e1tica<\/strong> se emitir\u00e1 en vivo el viernes 5 de junio desde las 8:00 hasta las 18:30h, diez (10) horas en vivo y en simult\u00e1neo por dos canales:<\/p>\n<p><strong>YouTube<\/strong>\u00a0<a href=\"https:\/\/www.youtube.com\/user\/noticiaspositivas\/\" target=\"_blank\" rel=\"noopener noreferrer\" data-saferedirecturl=\"https:\/\/www.google.com\/url?q=https:\/\/www.youtube.com\/user\/noticiaspositivas\/&amp;source=gmail&amp;ust=1591278301344000&amp;usg=AFQjCNGxLwVbE_FaKKX8iY1KuB43O3WJEg\">https:\/\/www.youtube.com\/user\/n<wbr \/>oticiaspositivas\/<\/a>\u00a0y<br \/>\n<strong>Facebook<\/strong>\u00a0<a href=\"https:\/\/www.facebook.com\/NoticiasPositivasORG\/\" target=\"_blank\" rel=\"noopener noreferrer\" data-saferedirecturl=\"https:\/\/www.google.com\/url?q=https:\/\/www.facebook.com\/NoticiasPositivasORG\/&amp;source=gmail&amp;ust=1591278301344000&amp;usg=AFQjCNHHy3MKoKGREimdiBFoAqCKCGYPUQ\">https:\/\/www.facebook.com\/Notic<wbr \/>iasPositivasORG\/<\/a><\/p>\n<p>Cada autoridad local tendr\u00e1 cerca de 5 minutos para presentar el proyecto de su ciudad y el p\u00fablico podr\u00e1 participar v\u00eda chat con devoluciones y preguntas. Adem\u00e1s, l\u00edderes de organizaciones internacionales y nacionales que trabajan en la tem\u00e1tica tambi\u00e9n participar\u00e1n del intercambio.<\/p>\n<div id=\"attachment_70541\" style=\"width: 300px\" class=\"wp-caption alignleft\"><a href=\"http:\/\/vinasfm.com\/noticias\/wp-content\/uploads\/2020\/06\/ramcc-2.jpeg\"><img loading=\"lazy\" decoding=\"async\" aria-describedby=\"caption-attachment-70541\" class=\"wp-image-70541 size-medium\" src=\"http:\/\/vinasfm.com\/noticias\/wp-content\/uploads\/2020\/06\/ramcc-2-300x300.jpeg\" alt=\"\" width=\"300\" height=\"300\" srcset=\"https:\/\/vinasfm.com\/noticias\/wp-content\/uploads\/2020\/06\/ramcc-2-300x300.jpeg 300w, https:\/\/vinasfm.com\/noticias\/wp-content\/uploads\/2020\/06\/ramcc-2-1024x1024.jpeg 1024w, https:\/\/vinasfm.com\/noticias\/wp-content\/uploads\/2020\/06\/ramcc-2-150x150.jpeg 150w, https:\/\/vinasfm.com\/noticias\/wp-content\/uploads\/2020\/06\/ramcc-2-768x768.jpeg 768w, https:\/\/vinasfm.com\/noticias\/wp-content\/uploads\/2020\/06\/ramcc-2-360x360.jpeg 360w, https:\/\/vinasfm.com\/noticias\/wp-content\/uploads\/2020\/06\/ramcc-2-750x750.jpeg 750w, https:\/\/vinasfm.com\/noticias\/wp-content\/uploads\/2020\/06\/ramcc-2.jpeg 1280w\" sizes=\"auto, (max-width: 300px) 100vw, 300px\" \/><\/a><p id=\"caption-attachment-70541\" class=\"wp-caption-text\">#Marat\u00f3nClim\u00e1tica<\/p><\/div>\n<p>Los objetivos de esta <strong>#Marat\u00f3nClim\u00e1tica<\/strong> son, por un lado, dar a conocer las iniciativas de ciudades argentinas que est\u00e1n comprometidas en disminuir sus gases de efecto invernadero, implementar pol\u00edticas p\u00fablicas que impulsan la transici\u00f3n a econom\u00edas sostenibles y luchar en red contra el cambio clim\u00e1tico. Por otro, promover las posibilidades reales que presentan las gestiones locales para contribuir a una problem\u00e1tica que requiere de compromisos regionales e internacionales.<\/p>\n<p><strong>\u00bfPor qu\u00e9 abordarlo desde las ciudades?<\/strong><\/p>\n<p>Hoy el cambio clim\u00e1tico, consecuencia de la actividad humana, es el principal desaf\u00edo a nivel global. Los centros urbanos o ciudades son quienes producen m\u00e1s del 70 % de las emisiones globales de CO2 y m\u00e1s del 66 % del consumo mundial de energ\u00eda. Actualmente, m\u00e1s del 50 % de la poblaci\u00f3n mundial vive en ciudades y en la Argentina, particularmente, este valor es a\u00fan mayor, dado que el 91 % de la poblaci\u00f3n es urbana.<\/p>\n<p>Al mismo tiempo, son las unidades territoriales que sufren directamente los impactos del cambio clim\u00e1tico. Modificaciones sin precedentes, que alteran los ciclos del agua y por ende del clima, son una amenaza para los ecosistemas, las econom\u00edas, la calidad de vida y la estabilidad social. Paralelamente, junto con estas amenazas se presenta tambi\u00e9n un conjunto de oportunidades que pueden llevar a la generaci\u00f3n de gestiones locales m\u00e1s sostenibles.<\/p>\n<p>La concentraci\u00f3n de habitantes y la diversidad de actividades que se presenta en las ciudades, permite el desarrollo de estrategias claves para reducir las emisiones de gases de efecto invernadero (GEI) y aumento de la resiliencia de la poblaci\u00f3n. Por lo tanto, abordar este fen\u00f3meno desde una perspectiva local no s\u00f3lo es necesario, sino tambi\u00e9n estrat\u00e9gico.<\/p>\n<p>Por eso, desde la RAMCC se impulsa y coordina, junto a los gobiernos locales, la transici\u00f3n hacia un nuevo modelo de gesti\u00f3n, basado en la<br \/>\n\u25cf\u00a0 \u00a0 \u00a0 \u00a0Participaci\u00f3n Ciudadana<br \/>\n\u25cf\u00a0 \u00a0 \u00a0 \u00a0Descentralizaci\u00f3n del poder y de la toma de decisiones<br \/>\n\u25cf\u00a0 \u00a0 \u00a0 \u00a0Reducci\u00f3n de las desigualdades<br \/>\n\u25cf\u00a0 \u00a0 \u00a0 \u00a0Uso m\u00e1s eficiente de los recursos<br \/>\n\u25cf\u00a0 \u00a0 \u00a0 \u00a0Adquisici\u00f3n de compromisos internacionales que tengan impactos locales<\/p>\n<p><a href=\"http:\/\/vinasfm.com\/noticias\/wp-content\/uploads\/2020\/06\/ramcc-1.jpeg\"><img loading=\"lazy\" decoding=\"async\" class=\" wp-image-70540 aligncenter\" src=\"http:\/\/vinasfm.com\/noticias\/wp-content\/uploads\/2020\/06\/ramcc-1-225x300.jpeg\" alt=\"\" width=\"403\" height=\"535\" \/><\/a><\/p>\n<h5><em>F.B. (F.M. Vi\u00f1as).<\/em><\/h5>\n","protected":false},"excerpt":{"rendered":"<p>El viernes 5 de junio, D\u00eda Mundial del Ambiente, m\u00e1s de sesenta l\u00edderes locales de todo el pa\u00eds, adheridos a la &#8230;<\/p>\n","protected":false},"author":8,"featured_media":63530,"comment_status":"open","ping_status":"open","sticky":false,"template":"","format":"standard","meta":{"footnotes":""},"categories":[5,10],"tags":[],"class_list":["post-70539","post","type-post","status-publish","format-standard","has-post-thumbnail","hentry","category-actualidad","category-destacadas"],"_links":{"self":[{"href":"https:\/\/vinasfm.com\/noticias\/wp-json\/wp\/v2\/posts\/70539","targetHints":{"allow":["GET"]}}],"collection":[{"href":"https:\/\/vinasfm.com\/noticias\/wp-json\/wp\/v2\/posts"}],"about":[{"href":"https:\/\/vinasfm.com\/noticias\/wp-json\/wp\/v2\/types\/post"}],"author":[{"embeddable":true,"href":"https:\/\/vinasfm.com\/noticias\/wp-json\/wp\/v2\/users\/8"}],"replies":[{"embeddable":true,"href":"https:\/\/vinasfm.com\/noticias\/wp-json\/wp\/v2\/comments?post=70539"}],"version-history":[{"count":1,"href":"https:\/\/vinasfm.com\/noticias\/wp-json\/wp\/v2\/posts\/70539\/revisions"}],"predecessor-version":[{"id":70542,"href":"https:\/\/vinasfm.com\/noticias\/wp-json\/wp\/v2\/posts\/70539\/revisions\/70542"}],"wp:featuredmedia":[{"embeddable":true,"href":"https:\/\/vinasfm.com\/noticias\/wp-json\/wp\/v2\/media\/63530"}],"wp:attachment":[{"href":"https:\/\/vinasfm.com\/noticias\/wp-json\/wp\/v2\/media?parent=70539"}],"wp:term":[{"taxonomy":"category","embeddable":true,"href":"https:\/\/vinasfm.com\/noticias\/wp-json\/wp\/v2\/categories?post=70539"},{"taxonomy":"post_tag","embeddable":true,"href":"https:\/\/vinasfm.com\/noticias\/wp-json\/wp\/v2\/tags?post=70539"}],"curies":[{"name":"wp","href":"https:\/\/api.w.org\/{rel}","templated":true}]}}