{"id":70532,"date":"2020-06-03T10:12:03","date_gmt":"2020-06-03T13:12:03","guid":{"rendered":"http:\/\/vinasfm.com\/noticias\/?p=70532"},"modified":"2020-06-03T12:07:50","modified_gmt":"2020-06-03T15:07:50","slug":"solicitan-ampliar-el-alcance-de-las-reuniones-familiares","status":"publish","type":"post","link":"https:\/\/vinasfm.com\/noticias\/solicitan-ampliar-el-alcance-de-las-reuniones-familiares\/","title":{"rendered":"SOLICITAN AMPLIAR EL ALCANCE DE LAS REUNIONES FAMILIARES"},"content":{"rendered":"<p><strong>El diputado provincial Gustavo Cairo present\u00f3 un proyecto de ley para ampliar el decreto del Gobernador y permitir encuentros entre familiares que residan en distintos departamentos de la provincia. Hasta ahora esa posibilidad solo la tienen quienes habitan en el Gran Mendoza. <\/strong><\/p>\n<p>La salida de esta cuarentena est\u00e1 siendo gradual y m\u00e1s que nada geogr\u00e1fica, ya que hay muchos puntos de Argentina que tienen otra realidad distinta a la de Buenos Aires, actual foco de contagio del coronavirus.<\/p>\n<p>En el caso de nuestra provincia, el gobernador Rodolfo Suarez ha resuelto la reapertura de algunas actividades, entre ellas las reuniones familiares de hasta 10 personas que viven en determinado radio de kil\u00f3metros.<\/p>\n<p>Hasta ahora esto se viene cumpliendo, pero lo que no est\u00e1 permitido es el traslado entre departamentos, a menos que est\u00e9n ambos municipios comprendidos en la zona del Gran Mendoza.<\/p>\n<p>El diputado provincial Gustavo Cairo recepcion\u00f3 muchos pedidos y present\u00f3 un proyecto de ley para ampliar el decreto y permitir estos encuentros.<\/p>\n<p>\u201cEl decreto que emiti\u00f3 el se\u00f1or Gobernador hace unos d\u00edas por el tema de las reuniones familiares dej\u00f3 una zona gris respecto a las personas que viven en los distintos oasis de la provincia y por eso solicitamos que se ampl\u00ede ese decreto para que se pueda viajar. Este pedido radica en que han llegado reclamos de gente que hace tres meses no ve a sus familiares, algo irracional\u201d, confes\u00f3 el legislador.<\/p>\n<p>Cairo afirm\u00f3 que no se pretende modificar la actual normativa sino ampliarla. \u201cEl mi\u00e9rcoles vamos a tratarlo en Diputados y esperemos que haya aceptaci\u00f3n, vamos a trabajar en el tema. Lo que pas\u00f3 en Las Heras encuadra dentro de lo que plantea el decreto, que es reuni\u00f3n de hasta 10 personas con cierto grado familiar, y nosotros no pedimos que se deje sin efecto eso, sino que se permita esa reuni\u00f3n con personas que no viven en el mismo departamento; calculo que no habr\u00e1 problemas en su aprobaci\u00f3n\u201d, puntualiz\u00f3.<\/p>\n<h5><strong><em>Fuente: Diario San Rafael \/A.C.<\/em><\/strong><\/h5>\n","protected":false},"excerpt":{"rendered":"<p>El diputado provincial Gustavo Cairo present\u00f3 un proyecto de ley para ampliar el decreto del Gobernador y permitir encuentros entre familiares &#8230;<\/p>\n","protected":false},"author":7,"featured_media":69680,"comment_status":"open","ping_status":"open","sticky":false,"template":"","format":"standard","meta":{"footnotes":""},"categories":[5,72],"tags":[],"class_list":["post-70532","post","type-post","status-publish","format-standard","has-post-thumbnail","hentry","category-actualidad","category-cuarentena"],"_links":{"self":[{"href":"https:\/\/vinasfm.com\/noticias\/wp-json\/wp\/v2\/posts\/70532","targetHints":{"allow":["GET"]}}],"collection":[{"href":"https:\/\/vinasfm.com\/noticias\/wp-json\/wp\/v2\/posts"}],"about":[{"href":"https:\/\/vinasfm.com\/noticias\/wp-json\/wp\/v2\/types\/post"}],"author":[{"embeddable":true,"href":"https:\/\/vinasfm.com\/noticias\/wp-json\/wp\/v2\/users\/7"}],"replies":[{"embeddable":true,"href":"https:\/\/vinasfm.com\/noticias\/wp-json\/wp\/v2\/comments?post=70532"}],"version-history":[{"count":1,"href":"https:\/\/vinasfm.com\/noticias\/wp-json\/wp\/v2\/posts\/70532\/revisions"}],"predecessor-version":[{"id":70533,"href":"https:\/\/vinasfm.com\/noticias\/wp-json\/wp\/v2\/posts\/70532\/revisions\/70533"}],"wp:featuredmedia":[{"embeddable":true,"href":"https:\/\/vinasfm.com\/noticias\/wp-json\/wp\/v2\/media\/69680"}],"wp:attachment":[{"href":"https:\/\/vinasfm.com\/noticias\/wp-json\/wp\/v2\/media?parent=70532"}],"wp:term":[{"taxonomy":"category","embeddable":true,"href":"https:\/\/vinasfm.com\/noticias\/wp-json\/wp\/v2\/categories?post=70532"},{"taxonomy":"post_tag","embeddable":true,"href":"https:\/\/vinasfm.com\/noticias\/wp-json\/wp\/v2\/tags?post=70532"}],"curies":[{"name":"wp","href":"https:\/\/api.w.org\/{rel}","templated":true}]}}