{"id":70506,"date":"2020-06-02T21:50:17","date_gmt":"2020-06-03T00:50:17","guid":{"rendered":"http:\/\/vinasfm.com\/noticias\/?p=70506"},"modified":"2020-06-03T07:58:57","modified_gmt":"2020-06-03T10:58:57","slug":"ligas-digitales-de-ajedrez-lieby-orozco-y-garay-los-campeones-en-la-5a-fecha","status":"publish","type":"post","link":"https:\/\/vinasfm.com\/noticias\/ligas-digitales-de-ajedrez-lieby-orozco-y-garay-los-campeones-en-la-5a-fecha\/","title":{"rendered":"LIGAS DIGITALES DE AJEDREZ: LIEBY, OROZCO Y GARAY, LOS CAMPEONES EN LA 5\u00aa FECHA"},"content":{"rendered":"<h4 style=\"font-weight: 400;\"><strong>\u201cJuanse\u201d Lieby entre los ni\u00f1os, Cristian Orozco con los j\u00f3venes y Sebasti\u00e1n Garay en adultos, fueron los vencedores de la semana.<\/strong><\/h4>\n<p style=\"font-weight: 400;\">Durante la \u00faltima semana de Mayo se disputaron digitalmente los quintos torneos de cada una de las ligas departamentales de Ajedrez.<\/p>\n<p style=\"font-weight: 400;\">El formato \u201ccuarentena\u201d de las competencias, ofrece apasionantes luchas por los liderazgos, que ahora cuenta adem\u00e1s, con la participaci\u00f3n como \u201cinvitados\u201d de jugadores del departamento de Malarg\u00fce, donde un grupo de familias, ha encabezado ya hace un tiempo la noble proeza de regresar el juego ciencia al departamento, y lo han hecho con creces.<\/p>\n<p style=\"font-weight: 400;\">La\u00a0<b><strong>LIGA INFANTIL<\/strong><\/b>, fue ganada nuevamente por Juan Sebasti\u00e1n Lieby de manera invicta. El que s\u00ed cambi\u00f3, fue el segundo lugar, ya que Ana Victoria Lieby, que hab\u00eda quedado en 2\u00ba puesto en todos los torneos anteriores, esta vez qued\u00f3 3\u00aa, siendo relegada por el Malarg\u00fcino Francisco Jaque. En 4\u00aa ubicaci\u00f3n, finaliz\u00f3 uno de los animadores de la liga y promesa de los tableros de estos lares, Santiago Kovich.<\/p>\n<p style=\"font-weight: 400;\"><b><strong>Liga Infantil &#8211; Principales posiciones, computados 5 torneos:<\/strong><\/b><\/p>\n<p style=\"font-weight: 400;\"><b><strong>1\u00ba\u00a0<\/strong><\/b>Juan Sebasti\u00e1n Lieby (Esc. Capital Federal<b><strong>) 75 Pts<\/strong><\/b><\/p>\n<p style=\"font-weight: 400;\"><b><strong>2\u00ba\u00a0<\/strong><\/b>Ana Victoria Lieby (Esc.\u00a0Capital Federal)<b><strong>\u00a063 Pts<\/strong><\/b><\/p>\n<p style=\"font-weight: 400;\"><b><strong>3\u00ba\u00a0<\/strong><\/b>Santiago Kovich (Esc.\u00a0Carlos Mar\u00eda)<b><strong>\u00a043 Pts<\/strong><\/b><\/p>\n<p style=\"font-weight: 400;\"><b><strong>4\u00ba\u00a0<\/strong><\/b>Tom\u00e1s Baquero (Esc. M. de Azcu\u00e9naga)<b><strong>\u00a037 Pts<\/strong><\/b><\/p>\n<p style=\"font-weight: 400;\"><b><strong>5\u00ba\u00a0<\/strong><\/b>Donato Capella (Esc. C.C. Vigil)<b><strong>\u00a022 Pts<\/strong><\/b><\/p>\n<p style=\"font-weight: 400;\"><b><strong>6\u00ba\u00a0<\/strong><\/b>Carla Paglione (Esc. Pioneros Alvearenses)<b><strong>\u00a016 Pts<\/strong><\/b><\/p>\n<p style=\"font-weight: 400;\"><b><strong>7\u00ba\u00a0<\/strong><\/b>Federico Konaschurk (Esc. Esc. C.C. Vigil)<b><strong>\u00a016 Pts<\/strong><\/b><\/p>\n<p style=\"font-weight: 400;\"><b><strong>8\u00b0\u00a0<\/strong><\/b>Francisco Jaque (Colegio San Jos\u00e9 Malarg\u00fce<b><strong>) 13 pts.<\/strong><\/b><\/p>\n<p style=\"font-weight: 400;\"><b><strong>8\u00ba\u00a0<\/strong><\/b>El\u00edas Mattus (Esc. Carlos Mar\u00eda)<b><strong>\u00a013 Pts<\/strong><\/b><\/p>\n<p style=\"font-weight: 400;\"><b><strong>9\u00ba\u00a0<\/strong><\/b>Benjam\u00edn Baquero (Esc. M. de Azcu\u00e9naga)<b><strong>\u00a011 Pts<\/strong><\/b><\/p>\n<p style=\"font-weight: 400;\"><b><strong>10\u00ba\u00a0<\/strong><\/b>Lautaro Medina (Esc. M. de Azcu\u00e9naga)<b><strong>\u00a011 Pts<\/strong><\/b><\/p>\n<p style=\"font-weight: 400;\"><b><strong>11\u00ba\u00a0<\/strong><\/b>Benjam\u00edn Morales (Esc. Constancio C. Vigil)<b><strong>\u00a011 Pts<\/strong><\/b><\/p>\n<p style=\"font-weight: 400;\"><b><strong>12\u00b0\u00a0<\/strong><\/b>Juan Pablo Jaque (Colegio San Jos\u00e9 Malarg\u00fce)<b><strong>\u00a05 pts.<\/strong><\/b><\/p>\n<p style=\"font-weight: 400;\">En la\u00a0<b><strong>LIGA JUVENIL<\/strong><\/b>, hubo novedades, ya que \u201cJuani\u201d Ru\u00edz, que ven\u00eda de ganar por sistema de desempate en la 4\u00aa semana, y que se hab\u00eda impuesto en todos los torneos anteriores, esta vez qued\u00f3 relegado al 2\u00ba lugar.<\/p>\n<p style=\"font-weight: 400;\">Campe\u00f3n se consagr\u00f3 \u201cEl Zurdo\u201d Cristian Orozco, que en principio era uno de los firmes candidatos a ganar la liga, pero que un par de traspi\u00e9s lo hacen arrimarse a poco desde atr\u00e1s.<\/p>\n<p style=\"font-weight: 400;\">El 3\u00ba puesto qued\u00f3 para Marcos Martos, que realiz\u00f3 un gran torneo, rodeado de duros exponentes.<\/p>\n<p style=\"font-weight: 400;\"><b><strong>Liga Juvenil &#8211; Principales posiciones, computados 5 torneos:<\/strong><\/b><\/p>\n<p style=\"font-weight: 400;\"><b><strong>1\u00ba\u00a0<\/strong><\/b>Juan Ignacio Ruiz (Esc. J. Barraquero)<b><strong>\u00a073 Pts<\/strong><\/b><\/p>\n<p style=\"font-weight: 400;\"><b><strong>2\u00ba\u00a0<\/strong><\/b>Cristian Orozco (Esc. J. Barraquero)<b><strong>\u00a050 Pts<\/strong><\/b><\/p>\n<p style=\"font-weight: 400;\"><b><strong>3\u00ba\u00a0<\/strong><\/b>Roc\u00edo Barros (Esc. Agricultura)<b><strong>\u00a047 Pts<\/strong><\/b><\/p>\n<p style=\"font-weight: 400;\"><b><strong>4\u00ba\u00a0<\/strong><\/b>Santiago S\u00e1nchez (Esc. J. Barraquero)<b><strong>\u00a045 Pts<\/strong><\/b><\/p>\n<p style=\"font-weight: 400;\"><b><strong>5\u00ba\u00a0<\/strong><\/b>Camilo Lieby (Esc. Agricultura)<b><strong>\u00a036 Pts<\/strong><\/b><\/p>\n<p style=\"font-weight: 400;\"><b><strong>6\u00ba\u00a0<\/strong><\/b>Fernando Colque (Esc. 12 de Agosto)<b><strong>\u00a026 Pts<\/strong><\/b><\/p>\n<p style=\"font-weight: 400;\"><b><strong>7\u00ba\u00a0<\/strong><\/b>Marcos Martos (Esc. J. Barraquero)<b><strong>\u00a026 Pts<\/strong><\/b><\/p>\n<p style=\"font-weight: 400;\"><b><strong>8\u00ba\u00a0<\/strong><\/b>Camila Delsart (Esc. 12 de Agosto)<b><strong>\u00a010 Pts<\/strong><\/b><\/p>\n<p style=\"font-weight: 400;\"><b><strong>9\u00ba\u00a0<\/strong><\/b>Bruno Cabrera (Esc. 12 de Agosto)<b><strong>\u00a06 Pts<\/strong><\/b><\/p>\n<p style=\"font-weight: 400;\"><b><strong>10\u00ba\u00a0<\/strong><\/b>Santiago P\u00e9rez (Esc. 12 de Agosto)<b><strong>\u00a04 Pts<\/strong><\/b><\/p>\n<p style=\"font-weight: 400;\"><b><strong>11\u00ba\u00a0<\/strong><\/b>Abril Lucero (Esc. 12 de Agosto)<b><strong>\u00a04 Pts<\/strong><\/b><\/p>\n<p style=\"font-weight: 400;\"><b><strong>12\u00ba<\/strong><\/b>\u00a0Maximiliano Mart\u00edn (Esc. J. Barraquero)\u00a0<b><strong>3 Pts<\/strong><\/b><\/p>\n<p style=\"font-weight: 400;\">En cuanto a la\u00a0<b><strong>LIGA DE ADULTOS,<\/strong><\/b>\u00a0realmente la tabla es apasionante, ya que 3 jugadores alternan en las primeras posiciones y a la vez, hay un segundo pelot\u00f3n, tambi\u00e9n muy parejo.<\/p>\n<p style=\"font-weight: 400;\">Esta semana, el campe\u00f3n con gran performance fue Sebasti\u00e1n Garay, que contin\u00faa 3\u00ba, pero ahora mucho m\u00e1s cerca. El 2\u00ba lugar qued\u00f3 para el actual Campe\u00f3n Alvearense, el ingeniero Roberto Ru\u00edz, que llegaba igualando la primera posici\u00f3n con Sebasti\u00e1n Lieby, a quien releg\u00f3 al 2\u00ba lugar, ya que finaliz\u00f3 en 3\u00ba lugar.<\/p>\n<p style=\"font-weight: 400;\">En cuarta ubicaci\u00f3n culmin\u00f3 Leandro Demonte.<\/p>\n<p style=\"font-weight: 400;\"><b><strong>Liga de Adultos &#8211; Principales posiciones, computados 5 torneos:<\/strong><\/b><\/p>\n<p style=\"font-weight: 400;\"><b><strong>1\u00b0\u00a0<\/strong><\/b>Roberto Ruiz<b><strong>\u00a067 Pts<\/strong><\/b><\/p>\n<p style=\"font-weight: 400;\"><b><strong>2\u00b0\u00a0\u00a0<\/strong><\/b>Sebasti\u00e1n Lieby<b><strong>\u00a065 Pts<\/strong><\/b><\/p>\n<p style=\"font-weight: 400;\"><b><strong>3\u00b0\u00a0<\/strong><\/b>Sebasti\u00e1n Garay<b><strong>\u00a061 Pts<\/strong><\/b><\/p>\n<p style=\"font-weight: 400;\"><b><strong>4\u00b0\u00a0<\/strong><\/b>Juan Jos\u00e9 Rubio<b><strong>\u00a031 Pts<\/strong><\/b><\/p>\n<p style=\"font-weight: 400;\"><b><strong>5\u00b0\u00a0<\/strong><\/b>Leandro De Monte<b><strong>\u00a027 Pts<\/strong><\/b><\/p>\n<p style=\"font-weight: 400;\"><b><strong>6\u00b0\u00a0<\/strong><\/b>Enzo Balderrama<b><strong>\u00a025 Pts<\/strong><\/b><\/p>\n<p style=\"font-weight: 400;\"><b><strong>7\u00b0\u00a0<\/strong><\/b>N\u00e9stor Martini<b><strong>\u00a024 Pts<\/strong><\/b><\/p>\n<p style=\"font-weight: 400;\"><b><strong>6\u00b0\u00a0<\/strong><\/b>Marcelo Ben\u00edtez<b><strong>\u00a014 Pts<\/strong><\/b><\/p>\n<p style=\"font-weight: 400;\"><b><strong>7\u00b0\u00a0<\/strong><\/b>Carlos Villegas<b><strong>\u00a011 Pts<\/strong><\/b><\/p>\n<p style=\"font-weight: 400;\"><b><strong>8\u00b0\u00a0<\/strong><\/b>Marcelo P\u00e9rez<b><strong>\u00a010 Pts<\/strong><\/b><\/p>\n<p style=\"font-weight: 400;\"><b><strong>\u00a09\u00ba\u00a0<\/strong><\/b>Lucas Arenas<b><strong>\u00a010 Pts<\/strong><\/b><\/p>\n<p style=\"font-weight: 400;\"><b><strong>10\u00b0\u00a0<\/strong><\/b>Javier Jaque (Malarg\u00fce)<b><strong>\u00a03 Pts<\/strong><\/b><\/p>\n<p style=\"font-weight: 400;\"><b><strong>11\u00b0\u00a0<\/strong><\/b>Ezequiel Castillo<b><strong>\u00a02 Pts<\/strong><\/b><\/p>\n<h5>\u2022<em>F.B. (F.M. Vi\u00f1as).<\/em><\/h5>\n","protected":false},"excerpt":{"rendered":"<p>\u201cJuanse\u201d Lieby entre los ni\u00f1os, Cristian Orozco con los j\u00f3venes y Sebasti\u00e1n Garay en adultos, fueron los vencedores de la semana. &#8230;<\/p>\n","protected":false},"author":8,"featured_media":70507,"comment_status":"open","ping_status":"open","sticky":false,"template":"","format":"standard","meta":{"footnotes":""},"categories":[5,3],"tags":[],"class_list":["post-70506","post","type-post","status-publish","format-standard","has-post-thumbnail","hentry","category-actualidad","category-deportes"],"_links":{"self":[{"href":"https:\/\/vinasfm.com\/noticias\/wp-json\/wp\/v2\/posts\/70506","targetHints":{"allow":["GET"]}}],"collection":[{"href":"https:\/\/vinasfm.com\/noticias\/wp-json\/wp\/v2\/posts"}],"about":[{"href":"https:\/\/vinasfm.com\/noticias\/wp-json\/wp\/v2\/types\/post"}],"author":[{"embeddable":true,"href":"https:\/\/vinasfm.com\/noticias\/wp-json\/wp\/v2\/users\/8"}],"replies":[{"embeddable":true,"href":"https:\/\/vinasfm.com\/noticias\/wp-json\/wp\/v2\/comments?post=70506"}],"version-history":[{"count":1,"href":"https:\/\/vinasfm.com\/noticias\/wp-json\/wp\/v2\/posts\/70506\/revisions"}],"predecessor-version":[{"id":70508,"href":"https:\/\/vinasfm.com\/noticias\/wp-json\/wp\/v2\/posts\/70506\/revisions\/70508"}],"wp:featuredmedia":[{"embeddable":true,"href":"https:\/\/vinasfm.com\/noticias\/wp-json\/wp\/v2\/media\/70507"}],"wp:attachment":[{"href":"https:\/\/vinasfm.com\/noticias\/wp-json\/wp\/v2\/media?parent=70506"}],"wp:term":[{"taxonomy":"category","embeddable":true,"href":"https:\/\/vinasfm.com\/noticias\/wp-json\/wp\/v2\/categories?post=70506"},{"taxonomy":"post_tag","embeddable":true,"href":"https:\/\/vinasfm.com\/noticias\/wp-json\/wp\/v2\/tags?post=70506"}],"curies":[{"name":"wp","href":"https:\/\/api.w.org\/{rel}","templated":true}]}}