{"id":70453,"date":"2020-06-02T08:30:58","date_gmt":"2020-06-02T11:30:58","guid":{"rendered":"http:\/\/vinasfm.com\/noticias\/?p=70453"},"modified":"2020-06-02T08:30:58","modified_gmt":"2020-06-02T11:30:58","slug":"2-de-junio-dia-de-la-republica-italiana-una-comunidad-trascendental-en-alvear","status":"publish","type":"post","link":"https:\/\/vinasfm.com\/noticias\/2-de-junio-dia-de-la-republica-italiana-una-comunidad-trascendental-en-alvear\/","title":{"rendered":"2 DE JUNIO: D\u00cdA DE LA REP\u00daBLICA ITALIANA, UNA COMUNIDAD TRASCENDENTAL EN ALVEAR"},"content":{"rendered":"<p><strong>La Fiesta de la Rep\u00fablica, es una de las dos fechas patrias m\u00e1s importantes de Italia, que se celebra cada 2 de junio.<\/strong><\/p>\n<p>En esta fecha, se recuerda el refer\u00e9ndum institucional del 2 y 3 de junio de 1946, donde por primera vez en elecciones universales, el pueblo italiano tuvo que optar entre la monarqu\u00eda (forma de gobierno de Italia entre la unificaci\u00f3n y el per\u00edodo fascista) y el sistema republicano. El pueblo italiano, opt\u00f3 por la rep\u00fablica, con 12.717.923 de votos contra 10.719.284 a favor de la monarqu\u00eda.<\/p>\n<p>Un 21 de agosto de 1921 se funda en nuestro departamento la Sociedad Italiana de Socorros Mutuos \u201c20 de Septiembre\u201d. Aquella primera comisi\u00f3n directiva elaboro su reglamento y el estatuto correspondiente y la integraron de la siguiente forma: don Andrea Stornini presidente; don Bartolo Boetto vicepresidente; don Bartolo Piacenza tesorero; Pietro Giorgio Torti protesorero; Vicenzo Ventura secretario; Alberto Caratti prosecretario; como vocales Agostino Pia, Federico Guidugli, Franceso Spadone, Giuseppe Felizia, Giorgio Rossi y Manuele Rombi; Emilio Denicol\u00f3, Domenico Martin\u00f3 y Angelo Belitti como revisores de cuentas.<\/p>\n<p>Las primeras reuniones se realizaban en las c\u00f3modas y suntuosas instalaciones del \u201cHotel Par\u00eds\u201d, el cual, en la mitad de la d\u00e9cada del 20, era propiedad de don Giuseppe Serrano, inmigrante italiano llegado algunos a\u00f1os antes a nuestro departamento y activo socio de la entidad.<\/p>\n<p>La actividad en la joven y pujante instituci\u00f3n era vertiginosa, a mediados de 1927 se adquiere, mediante el aporte de socios e inmigrantes del departamento, un lote de 4.104 metros cuadrados sobre Diagonal Jos\u00e9 N\u00e9stor Lencinas actual Diagonal Carlos Pellegrini y al a\u00f1o siguiente, y como consecuencia de la importante influencia que esta corriente inmigratoria ejerc\u00eda en nuestra comunidad, se designa al primer Agente Consular cargo que recae en el reconocido industrial local, don Fabio Roscio.<\/p>\n<p>En el a\u00f1o 1930 don Antonio Menghini, quien era adem\u00e1s de socio empresarial de don Fabio Roscio uno de los empresarios m\u00e1s importantes de la colectividad en la provincia, realiza la donaci\u00f3n de un terreno de 13.000 metros cuadrados ubicado en adyacencias del \u201cAlgarrobo Bonito\u201d y hasta la estaci\u00f3n de trenes de Colonia Alvear Norte de la l\u00ednea Buenos Aires al Pacifico.<\/p>\n<p>En la mitad de la d\u00e9cada del 30 se produce, y por una decisi\u00f3n un\u00e1nime de los integrantes, el cambio de denominaci\u00f3n de la asociaci\u00f3n pasando a llamarse \u201cSociet\u00e1 di Soccorro Mutuo Roma\u201d. En este mismo acto se forma la comisi\u00f3n de damas de la entidad, quedando integrada la misma por do\u00f1a Ida Roscio, Diana Bovino, Elsa Zannier de Scilironi, y las se\u00f1oras de Falcinelli y Aldone.<\/p>\n<p>En 1937 se procede a la venta de la parcela ubicada en Diagonal Carlos Pellegrini y con lo recaudado se adquiere y se comienza a construir la sede social de Avenida Alvear Oeste donde se encuentra ubicada actualmente la sede de la entidad que integra a los inmigrantes italianos y sus descendientes, en General Alvear.<\/p>\n<p>En 1961 asume el cargo de Agente Consular don Ubaldo Noccera, es por este tiempo donde la entidad encara la construcci\u00f3n de la Plaza Italia, ubicada en Diagonal Carlos Pellegrini y Lavalle en un terreno que dono la familia Montanaro al municipio local, asumiendo este el compromiso de destinarlo a la instalaci\u00f3n de un espacio verde de forma exclusiva.<\/p>\n<p>La Licenciada en Historia del Arte, Ver\u00f3nica Cremaschi, nos permite acceder a un an\u00e1lisis patrimonial de la querida Plaza Italia de nuestra ciudad: Este conjunto arquitect\u00f3nico est\u00e1 conformado por un elemento escult\u00f3rico principal compacto y minimalista realizado en piedras de canter\u00eda, cortadas y trabajadas a mano. La rusticidad del acabado de los bloques con que se ha construido el monumento, contrasta con el trabajo pulimentado y minucioso del escudo de Italia en el frente, tambi\u00e9n realizado en piedra. Los vol\u00famenes c\u00fabicos que conforman el elemento central, est\u00e1n dispuestos sobre un pedestal sobreelevado al que se accede por una escalinata y est\u00e1n flanqueados por un murete con cierta curvatura que otorga integraci\u00f3n con el espacio circundante.<\/p>\n<p>En su aspecto general, el monumento se percibe como un bloque austero y fuerte que indica una presencia, la de la comunidad en el territorio de un modo ostensible y concreto que, sin embargo, se integra al entorno por medio del empleo del material p\u00e9treo en otros objetos de la plaza.<\/p>\n<p>Cuatro a\u00f1os m\u00e1s tarde la \u201cSociet\u00e1 di Soccorro Mutuo Roma\u201d, recibe en el departamento, al Dr. Salvador Botta, C\u00f3nsul de Italia en la provincia de Mendoza, el cual llegaba enviado por el supremo gobierno italiano, a otorgar la condecoraci\u00f3n de la Cruz de Caballero en representaci\u00f3n de sus padres. Es en este mismo a\u00f1o donde se inaugura la Plaza Italia, espacio urbano que cobijara los festejos de la colectividad en General Alvear.<\/p>\n<h5><strong><em>Fuente: Cr\u00f3nicas Departamentales \/ A.C.<\/em><\/strong><\/h5>\n","protected":false},"excerpt":{"rendered":"<p>La Fiesta de la Rep\u00fablica, es una de las dos fechas patrias m\u00e1s importantes de Italia, que se celebra cada 2 &#8230;<\/p>\n","protected":false},"author":7,"featured_media":1128,"comment_status":"open","ping_status":"open","sticky":false,"template":"","format":"standard","meta":{"footnotes":""},"categories":[5,27],"tags":[],"class_list":["post-70453","post","type-post","status-publish","format-standard","has-post-thumbnail","hentry","category-actualidad","category-efemerides"],"_links":{"self":[{"href":"https:\/\/vinasfm.com\/noticias\/wp-json\/wp\/v2\/posts\/70453","targetHints":{"allow":["GET"]}}],"collection":[{"href":"https:\/\/vinasfm.com\/noticias\/wp-json\/wp\/v2\/posts"}],"about":[{"href":"https:\/\/vinasfm.com\/noticias\/wp-json\/wp\/v2\/types\/post"}],"author":[{"embeddable":true,"href":"https:\/\/vinasfm.com\/noticias\/wp-json\/wp\/v2\/users\/7"}],"replies":[{"embeddable":true,"href":"https:\/\/vinasfm.com\/noticias\/wp-json\/wp\/v2\/comments?post=70453"}],"version-history":[{"count":1,"href":"https:\/\/vinasfm.com\/noticias\/wp-json\/wp\/v2\/posts\/70453\/revisions"}],"predecessor-version":[{"id":70454,"href":"https:\/\/vinasfm.com\/noticias\/wp-json\/wp\/v2\/posts\/70453\/revisions\/70454"}],"wp:featuredmedia":[{"embeddable":true,"href":"https:\/\/vinasfm.com\/noticias\/wp-json\/wp\/v2\/media\/1128"}],"wp:attachment":[{"href":"https:\/\/vinasfm.com\/noticias\/wp-json\/wp\/v2\/media?parent=70453"}],"wp:term":[{"taxonomy":"category","embeddable":true,"href":"https:\/\/vinasfm.com\/noticias\/wp-json\/wp\/v2\/categories?post=70453"},{"taxonomy":"post_tag","embeddable":true,"href":"https:\/\/vinasfm.com\/noticias\/wp-json\/wp\/v2\/tags?post=70453"}],"curies":[{"name":"wp","href":"https:\/\/api.w.org\/{rel}","templated":true}]}}