{"id":70445,"date":"2020-06-02T00:10:33","date_gmt":"2020-06-02T03:10:33","guid":{"rendered":"http:\/\/vinasfm.com\/noticias\/?p=70445"},"modified":"2020-06-02T01:29:23","modified_gmt":"2020-06-02T04:29:23","slug":"en-la-ultima-jornada-el-coronavirus-se-cobro-la-vida-de-17-personas-en-el-pais","status":"publish","type":"post","link":"https:\/\/vinasfm.com\/noticias\/en-la-ultima-jornada-el-coronavirus-se-cobro-la-vida-de-17-personas-en-el-pais\/","title":{"rendered":"EN LA \u00daLTIMA JORNADA, EL CORONAVIRUS SE COBR\u00d3 LA VIDA DE 17 PERSONAS EN EL PA\u00cdS"},"content":{"rendered":"<h4><strong>El Ministerio de Salud de la Naci\u00f3n confirm\u00f3 este lunes que\u00a017 personas murieron y 564 dieron positivo de coronavirus\u00a0en las \u00faltimas 24 horas en Argentina.<\/strong><\/h4>\n<p>Con estos registros, el pa\u00eds suma\u00a0<strong>556 v\u00edctimas fatales y 17.415\u00a0infectados<\/strong>\u00a0desde el inicio de la pandemia.<\/p>\n<p>Del total de los casos confirmados, 974 (5,6%) son importados, 7.532 (43,3%) son contactos estrechos de casos confirmados, 6.263 (36%) son casos de circulaci\u00f3n comunitaria y el resto se encuentra en investigaci\u00f3n epidemiol\u00f3gica.<\/p>\n<p>Adem\u00e1s, la cartera sanitaria inform\u00f3 en su reporte vespertino que murieron nueve hombres, tres residentes en la provincia de Buenos Aires de 80, 56 y 78 a\u00f1os; tres residentes en la Ciudad de Buenos Aires de 72, 70 y 50 a\u00f1os; dos residentes en la provincia de Chaco de 44 y 47 a\u00f1os; y otro de 70 a\u00f1os, residente en la provincia de C\u00f3rdoba. Tambi\u00e9n fallecieron seis mujeres, cuatro residentes en la Ciudad de Buenos Aires de 91, 92, 70 y 83 a\u00f1os; una de 14 a\u00f1os, residente en la provincia de Chaco que, seg\u00fan el Ministerio de Salud de la Naci\u00f3n, ten\u00eda comorbilidades preexistentes; y otra de 81 a\u00f1os, residente en la provincia de Buenos Aires.<\/p>\n<p>En tanto, el parte matutino indic\u00f3 que murieron dos hombres, uno de 86 a\u00f1os, residente en la Ciudad de Buenos Aires; y uno de 69 a\u00f1os, residente en la provincia de Buenos Aires.<\/p>\n<h5>\u2022<em>F.B.<\/em><\/h5>\n","protected":false},"excerpt":{"rendered":"<p>El Ministerio de Salud de la Naci\u00f3n confirm\u00f3 este lunes que\u00a017 personas murieron y 564 dieron positivo de coronavirus\u00a0en las \u00faltimas &#8230;<\/p>\n","protected":false},"author":8,"featured_media":69222,"comment_status":"open","ping_status":"open","sticky":false,"template":"","format":"standard","meta":{"footnotes":""},"categories":[5,62],"tags":[],"class_list":["post-70445","post","type-post","status-publish","format-standard","has-post-thumbnail","hentry","category-actualidad","category-coronavirus"],"_links":{"self":[{"href":"https:\/\/vinasfm.com\/noticias\/wp-json\/wp\/v2\/posts\/70445","targetHints":{"allow":["GET"]}}],"collection":[{"href":"https:\/\/vinasfm.com\/noticias\/wp-json\/wp\/v2\/posts"}],"about":[{"href":"https:\/\/vinasfm.com\/noticias\/wp-json\/wp\/v2\/types\/post"}],"author":[{"embeddable":true,"href":"https:\/\/vinasfm.com\/noticias\/wp-json\/wp\/v2\/users\/8"}],"replies":[{"embeddable":true,"href":"https:\/\/vinasfm.com\/noticias\/wp-json\/wp\/v2\/comments?post=70445"}],"version-history":[{"count":2,"href":"https:\/\/vinasfm.com\/noticias\/wp-json\/wp\/v2\/posts\/70445\/revisions"}],"predecessor-version":[{"id":70447,"href":"https:\/\/vinasfm.com\/noticias\/wp-json\/wp\/v2\/posts\/70445\/revisions\/70447"}],"wp:featuredmedia":[{"embeddable":true,"href":"https:\/\/vinasfm.com\/noticias\/wp-json\/wp\/v2\/media\/69222"}],"wp:attachment":[{"href":"https:\/\/vinasfm.com\/noticias\/wp-json\/wp\/v2\/media?parent=70445"}],"wp:term":[{"taxonomy":"category","embeddable":true,"href":"https:\/\/vinasfm.com\/noticias\/wp-json\/wp\/v2\/categories?post=70445"},{"taxonomy":"post_tag","embeddable":true,"href":"https:\/\/vinasfm.com\/noticias\/wp-json\/wp\/v2\/tags?post=70445"}],"curies":[{"name":"wp","href":"https:\/\/api.w.org\/{rel}","templated":true}]}}