{"id":70431,"date":"2020-06-02T08:50:18","date_gmt":"2020-06-02T11:50:18","guid":{"rendered":"http:\/\/vinasfm.com\/noticias\/?p=70431"},"modified":"2020-06-03T09:49:50","modified_gmt":"2020-06-03T12:49:50","slug":"mendoza-continuara-con-las-flexibilizaciones-pero-no-otorgara-nuevas-autorizaciones","status":"publish","type":"post","link":"https:\/\/vinasfm.com\/noticias\/mendoza-continuara-con-las-flexibilizaciones-pero-no-otorgara-nuevas-autorizaciones\/","title":{"rendered":"MENDOZA CONTINUAR\u00c1 CON LAS FLEXIBILIZACIONES PERO NO OTORGAR\u00c1 NUEVAS AUTORIZACIONES"},"content":{"rendered":"<h4><strong>El Gobernador Rodolfo Suarez junto a la ministra de Salud, Desarrollo Social y Deportes, Ana Mar\u00eda Nadal, dieron detalles sobre el estado de situaci\u00f3n actual de la provincia ante los nuevos casos de COVID-19.<\/strong><\/h4>\n<p>Estuvieron presentes adem\u00e1s el ministro de Seguridad, Ra\u00fal Levrino; el ministro de Gobierno, Trabajo y Justicia, Victor Iba\u00f1ez; la ministra de Turismo y Cultura, Mariana Juri, y el ministro de Hacienda y Finanzas, Lisandro Nieri<\/p>\n<p>Sobre los nuevos casos, Suarez indic\u00f3 que \u201c<strong><em>hay que cuidarse, no me canso de repetir las medidas. Tambi\u00e9n hay que respetar las normas. Lo que ocurri\u00f3 en Las Heras sucedi\u00f3 por no cumplir con el aislamiento y los protocolos correspondientes para las reuniones familiares. Estamos llevando adelante una investigaci\u00f3n epidemiol\u00f3gica muy intensa, hemos intervenido a 1.500 personas aproximadamente<\/em><\/strong>\u201d.<\/p>\n<p>El Gobernador aclar\u00f3 que \u201c<strong><em>no habr\u00e1 nuevas autorizaciones para flexibilizar actividades. No vamos a retroceder moment\u00e1neamente, pero tampoco habr\u00e1 nuevas autorizaciones hasta que avance la investigaci\u00f3n. Si se producen nuevos incumplimientos, iremos evaluando retroceder<\/em><\/strong>\u201d.<\/p>\n<p>El mandatario record\u00f3 que la provincia forma parte del Corredor Bioce\u00e1nico, lo que hace que \u201cnuestra situaci\u00f3n sea compleja, por la cantidad de camiones que ingresan. Son cerca de 1.500, la mayor\u00eda es transporte transitorio\u201d. Asimismo, detall\u00f3: \u201c<strong><em>Ven\u00edamos con muchos d\u00edas sin casos, con una tasa muy baja, estuvimos cerca de un mes sin casos en la provincia y los que resultaron positivo ven\u00edan de afuera y se encontraban cumpliendo el aislamiento en hoteles. Tenemos 900 personas cumpliendo la cuarentena en estos lugares<\/em><\/strong>\u201d.<\/p>\n<p>Para finalizar, destac\u00f3 que \u201c<strong><em>el Gobierno de Mendoza es el canal oficial. Nunca dimos informaci\u00f3n contradictoria y estamos dando toda la informaci\u00f3n a la sociedad desde el primer d\u00eda<\/em><\/strong>\u201d.<\/p>\n<p>A su turno, la ministra de Salud detall\u00f3 que los 10 casos de Las Heras est\u00e1n asociados a un conglomerado familiar dentro de los l\u00edmites de una familia. Esta situaci\u00f3n se inicia con una consulta que se realiz\u00f3 en un centro de salud el 27 de mayo. Una mam\u00e1 se acerc\u00f3 con un bebe de 11 meses. A partir del acertado y exhaustivo interrogatorio, se establece que tanto la mam\u00e1 como el beb\u00e9 y el pap\u00e1 del ni\u00f1o presentaban sintomatolog\u00eda. Se establece como posible nexo epidemiol\u00f3gico a un transportista, familiar, que hab\u00eda ten\u00eda s\u00edntomas leves.<\/p>\n<p>\u201c<em>El camionero llega a Mendoza, se le realizan los estudios, dando negativo. No obstante, no est\u00e1 descartado que este sea el nexo epidemiol\u00f3gico, dado que cl\u00ednicamente la persona presentaba s\u00edntomas y circul\u00f3 por zonas con circulaci\u00f3n activa del virus. Aun estamos en proceso de investigaci\u00f3n y no descartamos ninguna hip\u00f3tesis de contagio<\/em>\u201d, agreg\u00f3 Nadal.<\/p>\n<p>La ministra dej\u00f3 en claro que estos nuevos casos son \u201c<em>consecuencia del incumplimiento del \u00a0aislamiento y de los protocolos<\/em>\u201d. Adem\u00e1s, destac\u00f3 \u201c<em>la rapidez con la que se actu\u00f3, el bloqueo de los seis domicilios y la detecci\u00f3n de casos. Desde el Centro de Salud 18 se han conformado brigadas territoriales que han hecho una investigaci\u00f3n exhaustiva<\/em>\u201d.<\/p>\n<h4><strong>Acerca del test del transportista<\/strong><\/h4>\n<p>\u201c<em>No dudamos de la efectividad de los test. Lo que estamos esperando para la confirmaci\u00f3n absoluta de que no haya nexo con el transportista es que desarrolle anticuerpos que sean medibles. Hay distintos momentos para determinar el momento de concentraci\u00f3n de carga viral que se determina con PCR. Pasado un tiempo, el virus se negativiza y se empiezan a buscar cicatrices que dejan en el organismo que son los anticuerpos. Hay distintos niveles de anticuerpos que aparecen en\u00a0 diferentes momentos de la enfermedad<\/em>\u201d, explic\u00f3 Nadal.<\/p>\n<p>La ministra a\u00f1adi\u00f3 que \u201c<em>hasta aqu\u00ed el transportista no aparece positivo a los anticuerpos. No obstante, present\u00f3 s\u00edntomas y viene de un lugar de alta circulaci\u00f3n. No estamos diciendo que sea el nexo, lo que estamos diciendo es que vamos a agotar todas las instancias por su cl\u00ednica y sus antecedentes para tomarlo como nexo<\/em>\u201d.<\/p>\n<p>Nadal tambi\u00e9n sostuvo que \u201c<em>no es el \u00fanico nexo que estamos buscando en este conglomerado familiar. Estamos buscando otros nexos epidemiol\u00f3gicos vinculados con otras personas, pero no dudamos de los test. No todos los test nos hablan de la enfermedad y nos dan informaci\u00f3n de todos los momentos y en distintas oportunidades. No cerramos la situaci\u00f3n del transportista pero tampoco cerramos otros posibles nexos<\/em>\u201d.<\/p>\n<p>\u201c<em>Lo que sucede es que hicimos este bloqueo con una inmediatez que ha sido muy buena. Hemos testeado muy r\u00e1pidamente y esto quiere decir que a veces la carga viral no es suficiente para ser detectable. Lo que estamos haciendo es un procedimiento que uno va graduando y utilizando equipos de cada vez mayor sensibilidad para la detecci\u00f3n del virus y esto es lo que ha pasado. No hay dudas sobre los diagn\u00f3sticos porque si no fuera as\u00ed, la provincia no tendr\u00eda tan pocos casos. Estos casos est\u00e1n asociados a un conglomerado familiar que fue detectado r\u00e1pidamente y no con la suficiente carga viral, en algunos casos<\/em>\u201d, complet\u00f3 Nadal.<\/p>\n<h4><strong>Sobre la necesidad de cumplir con el aislamiento y los protocolos<\/strong><\/h4>\n<p>\u201c<em>Cuando decimos que en un restaurante puede haber seis personas por mesa, que tiene que haber un responsable, que tiene que llenar una ficha con los datos de todas las personas, tiene que ver con que estos informes nos permiten realizar las investigaciones epidemiol\u00f3gicas pertinentes<\/em>\u201d, expres\u00f3 el Gobernador.<\/p>\n<p>Con respecto al aislamiento, el Gobernador volvi\u00f3 a hacer hincapi\u00e9 en el cumplimiento de los protocolos: \u201c<em>En el cumplea\u00f1os hab\u00eda 25 personas, no eran todos familiares, entonces significa que hemos tenido que investigar a cerca de 1.000 personas. Entonces el cumplimiento de las normas tambi\u00e9n tiene que ver con esto. Todas estas normas tienen un sentido y tiene que ver con que el Estado y el Comit\u00e9 -a quien felicito y que trabaja intensamente sin dormir, visitando cada domicilio- emite normas espec\u00edficas que hay que respetar\u201d.<\/em><\/p>\n<p><em>\u201cLa normativa no tiene huecos, los huecos se producen por el incumplimiento. Si este cumplea\u00f1os en Las Heras no se hubiera realizado, si se hubiese respetado lo que permiten las normas, el caso ser\u00eda de m\u00e1s f\u00e1cil resoluci\u00f3n. Hay muchas horas detr\u00e1s de cada protocolo. Nos basamos en la ciencia y los datos de la realidad<\/em>\u201d, sostuvo el mandatario.<\/p>\n<h5>\u2022<em>F.B. (F.M. Vi\u00f1as).<\/em><\/h5>\n<p>&nbsp;<\/p>\n","protected":false},"excerpt":{"rendered":"<p>El Gobernador Rodolfo Suarez junto a la ministra de Salud, Desarrollo Social y Deportes, Ana Mar\u00eda Nadal, dieron detalles sobre el &#8230;<\/p>\n","protected":false},"author":8,"featured_media":70432,"comment_status":"open","ping_status":"open","sticky":false,"template":"","format":"standard","meta":{"footnotes":""},"categories":[5,72],"tags":[],"class_list":["post-70431","post","type-post","status-publish","format-standard","has-post-thumbnail","hentry","category-actualidad","category-cuarentena"],"_links":{"self":[{"href":"https:\/\/vinasfm.com\/noticias\/wp-json\/wp\/v2\/posts\/70431","targetHints":{"allow":["GET"]}}],"collection":[{"href":"https:\/\/vinasfm.com\/noticias\/wp-json\/wp\/v2\/posts"}],"about":[{"href":"https:\/\/vinasfm.com\/noticias\/wp-json\/wp\/v2\/types\/post"}],"author":[{"embeddable":true,"href":"https:\/\/vinasfm.com\/noticias\/wp-json\/wp\/v2\/users\/8"}],"replies":[{"embeddable":true,"href":"https:\/\/vinasfm.com\/noticias\/wp-json\/wp\/v2\/comments?post=70431"}],"version-history":[{"count":1,"href":"https:\/\/vinasfm.com\/noticias\/wp-json\/wp\/v2\/posts\/70431\/revisions"}],"predecessor-version":[{"id":70433,"href":"https:\/\/vinasfm.com\/noticias\/wp-json\/wp\/v2\/posts\/70431\/revisions\/70433"}],"wp:featuredmedia":[{"embeddable":true,"href":"https:\/\/vinasfm.com\/noticias\/wp-json\/wp\/v2\/media\/70432"}],"wp:attachment":[{"href":"https:\/\/vinasfm.com\/noticias\/wp-json\/wp\/v2\/media?parent=70431"}],"wp:term":[{"taxonomy":"category","embeddable":true,"href":"https:\/\/vinasfm.com\/noticias\/wp-json\/wp\/v2\/categories?post=70431"},{"taxonomy":"post_tag","embeddable":true,"href":"https:\/\/vinasfm.com\/noticias\/wp-json\/wp\/v2\/tags?post=70431"}],"curies":[{"name":"wp","href":"https:\/\/api.w.org\/{rel}","templated":true}]}}