{"id":70428,"date":"2020-06-02T00:45:57","date_gmt":"2020-06-02T03:45:57","guid":{"rendered":"http:\/\/vinasfm.com\/noticias\/?p=70428"},"modified":"2020-06-02T01:21:30","modified_gmt":"2020-06-02T04:21:30","slug":"niunamenos-alvear-planifico-diversas-actividades-de-concientizacion-sobre-la-violencia-de-genero","status":"publish","type":"post","link":"https:\/\/vinasfm.com\/noticias\/niunamenos-alvear-planifico-diversas-actividades-de-concientizacion-sobre-la-violencia-de-genero\/","title":{"rendered":"#NIUNAMENOS: ALVEAR PLANIFIC\u00d3 DIVERSAS ACTIVIDADES DE CONCIENTIZACI\u00d3N SOBRE LA VIOLENCIA DE G\u00c9NERO"},"content":{"rendered":"<h4><strong>Junio es el mes de concientizaci\u00f3n sobre la importancia de luchar contra la Violencia de G\u00e9nero, m\u00e1s precisamente el 3 se realiza desde 2015 la marcha #NiUnaMenos.<\/strong><\/h4>\n<p>Durante el periodo legislativo <strong>2016<\/strong>, desde el <strong>Honorable Concejo Deliberante<\/strong> de General Alvear <strong>declararon de Inter\u00e9s<\/strong> y <strong>se propuso que durante junio se realicen acciones de prevenci\u00f3n y generaci\u00f3n de conciencia<\/strong>.<\/p>\n<div id=\"attachment_58725\" style=\"width: 300px\" class=\"wp-caption alignleft\"><a href=\"http:\/\/vinasfm.com\/noticias\/wp-content\/uploads\/2019\/09\/ac32d4f0-0ca3-40bc-b016-c2c9e2480bf7-1040x641.jpg\"><img loading=\"lazy\" decoding=\"async\" aria-describedby=\"caption-attachment-58725\" class=\"size-medium wp-image-58725\" src=\"http:\/\/vinasfm.com\/noticias\/wp-content\/uploads\/2019\/09\/ac32d4f0-0ca3-40bc-b016-c2c9e2480bf7-1040x641-300x185.jpg\" alt=\"\" width=\"300\" height=\"185\" srcset=\"https:\/\/vinasfm.com\/noticias\/wp-content\/uploads\/2019\/09\/ac32d4f0-0ca3-40bc-b016-c2c9e2480bf7-1040x641-300x185.jpg 300w, https:\/\/vinasfm.com\/noticias\/wp-content\/uploads\/2019\/09\/ac32d4f0-0ca3-40bc-b016-c2c9e2480bf7-1040x641-768x473.jpg 768w, https:\/\/vinasfm.com\/noticias\/wp-content\/uploads\/2019\/09\/ac32d4f0-0ca3-40bc-b016-c2c9e2480bf7-1040x641-1024x631.jpg 1024w, https:\/\/vinasfm.com\/noticias\/wp-content\/uploads\/2019\/09\/ac32d4f0-0ca3-40bc-b016-c2c9e2480bf7-1040x641.jpg 1040w\" sizes=\"auto, (max-width: 300px) 100vw, 300px\" \/><\/a><p id=\"caption-attachment-58725\" class=\"wp-caption-text\">Patricia Salice y Claudio Lemos.<\/p><\/div>\n<p>\u00ab<strong><em>Iremos subiendo placas con informaci\u00f3n de estad\u00edsticas, los lugares a d\u00f3nde hay que acudir en caso de sufrir o saber casos de violencia de g\u00e9nero y se dise\u00f1ar\u00e1n spots para visibilizar la importancia de este tema<\/em><\/strong>\u00ab, se\u00f1al\u00f3 <strong>Patricia Salice<\/strong>, <strong>Presidente del HCD<\/strong>, sobre las acciones que se desarrollar\u00e1n durante este mes.<\/p>\n<p>Cabe destacar que el Municipio cuenta con un \u00e1rea espec\u00edfica que es el <strong>Asesoria de Mujeres y Desarrollo para la Familia<\/strong> para el abordaje de casos de violencia de g\u00e9nero como \u00ab<em>programas de ayudas econ\u00f3micas, acompa\u00f1amiento a la mujer desde lo legal, psicol\u00f3gico e integral. Tambi\u00e9n <strong>en 2018 se logro abrir un refugio que es el hogar de protecci\u00f3n integral Esperanza que es para brindar lugar a la mujer durante el periodo de contenci\u00f3n que brindamos<\/strong><\/em>\u00ab, subray\u00f3 Salice.<\/p>\n<p>Al ser consultada sobre el <strong>incremento de casos de violencia hacia la mujer<\/strong>, la edil sostuvo que \u00ab<em>los n\u00fameros comenzaron a crecer y ser visibles gracias a las herramientas con las que hoy contamos como la <strong>linea 144,<\/strong> organismos destinados a tal fin y se suman las pol\u00edticas que promocionan el abordaje de estas tem\u00e1ticas con el fin de empoderar a la mujer siguiendo con el trabajo de generar un cambio sociocultural necesario<\/em>\u00ab.<\/p>\n<h5>\u2022<em>F.B. (F.M. Vi\u00f1as).<\/em><\/h5>\n","protected":false},"excerpt":{"rendered":"<p>Junio es el mes de concientizaci\u00f3n sobre la importancia de luchar contra la Violencia de G\u00e9nero, m\u00e1s precisamente el 3 se &#8230;<\/p>\n","protected":false},"author":8,"featured_media":13792,"comment_status":"open","ping_status":"open","sticky":false,"template":"","format":"standard","meta":{"footnotes":""},"categories":[5,10],"tags":[],"class_list":["post-70428","post","type-post","status-publish","format-standard","has-post-thumbnail","hentry","category-actualidad","category-destacadas"],"_links":{"self":[{"href":"https:\/\/vinasfm.com\/noticias\/wp-json\/wp\/v2\/posts\/70428","targetHints":{"allow":["GET"]}}],"collection":[{"href":"https:\/\/vinasfm.com\/noticias\/wp-json\/wp\/v2\/posts"}],"about":[{"href":"https:\/\/vinasfm.com\/noticias\/wp-json\/wp\/v2\/types\/post"}],"author":[{"embeddable":true,"href":"https:\/\/vinasfm.com\/noticias\/wp-json\/wp\/v2\/users\/8"}],"replies":[{"embeddable":true,"href":"https:\/\/vinasfm.com\/noticias\/wp-json\/wp\/v2\/comments?post=70428"}],"version-history":[{"count":1,"href":"https:\/\/vinasfm.com\/noticias\/wp-json\/wp\/v2\/posts\/70428\/revisions"}],"predecessor-version":[{"id":70429,"href":"https:\/\/vinasfm.com\/noticias\/wp-json\/wp\/v2\/posts\/70428\/revisions\/70429"}],"wp:featuredmedia":[{"embeddable":true,"href":"https:\/\/vinasfm.com\/noticias\/wp-json\/wp\/v2\/media\/13792"}],"wp:attachment":[{"href":"https:\/\/vinasfm.com\/noticias\/wp-json\/wp\/v2\/media?parent=70428"}],"wp:term":[{"taxonomy":"category","embeddable":true,"href":"https:\/\/vinasfm.com\/noticias\/wp-json\/wp\/v2\/categories?post=70428"},{"taxonomy":"post_tag","embeddable":true,"href":"https:\/\/vinasfm.com\/noticias\/wp-json\/wp\/v2\/tags?post=70428"}],"curies":[{"name":"wp","href":"https:\/\/api.w.org\/{rel}","templated":true}]}}