{"id":70423,"date":"2020-06-02T01:30:25","date_gmt":"2020-06-02T04:30:25","guid":{"rendered":"http:\/\/vinasfm.com\/noticias\/?p=70423"},"modified":"2020-06-03T09:47:14","modified_gmt":"2020-06-03T12:47:14","slug":"conductor-termino-lesionado-luego-de-ser-impactado-fuertemente-por-un-camion-en-el-b-san-carlos","status":"publish","type":"post","link":"https:\/\/vinasfm.com\/noticias\/conductor-termino-lesionado-luego-de-ser-impactado-fuertemente-por-un-camion-en-el-b-san-carlos\/","title":{"rendered":"CONDUCTOR TERMIN\u00d3 LESIONADO LUEGO DE SER IMPACTADO FUERTEMENTE POR UN CAMI\u00d3N EN EL B\u00b0 SAN CARLOS"},"content":{"rendered":"<h4><strong>Un cami\u00f3n de grandes dimensiones impact\u00f3 violentamente contra un veh\u00edculo particular en el interior de Barrio San Carlos en horas de la tarde de este lunes.<\/strong><\/h4>\n<p>El siniestro se produjo a las <strong>18h<\/strong>, cuando <strong>un cami\u00f3n marca F\u00edat<\/strong> al mando de un hombre con residencia en <strong>Santa Isabel<\/strong> (<em><strong>LP<\/strong><\/em>) <strong>circulaba hacia el este por calle Mendoza y al llegar a la intersecci\u00f3n con calle Buenos Aires impact\u00f3 contra el costado izquierdo de un F\u00edat Uno<\/strong> desplaz\u00e1ndolo hasta la acequia norte.<\/p>\n<div id=\"attachment_70435\" style=\"width: 300px\" class=\"wp-caption alignleft\"><a href=\"http:\/\/vinasfm.com\/noticias\/wp-content\/uploads\/2020\/06\/FB_IMG_1591050927079.jpg\"><img loading=\"lazy\" decoding=\"async\" aria-describedby=\"caption-attachment-70435\" class=\"size-medium wp-image-70435\" src=\"http:\/\/vinasfm.com\/noticias\/wp-content\/uploads\/2020\/06\/FB_IMG_1591050927079-300x225.jpg\" alt=\"\" width=\"300\" height=\"225\" srcset=\"https:\/\/vinasfm.com\/noticias\/wp-content\/uploads\/2020\/06\/FB_IMG_1591050927079-300x225.jpg 300w, https:\/\/vinasfm.com\/noticias\/wp-content\/uploads\/2020\/06\/FB_IMG_1591050927079.jpg 720w\" sizes=\"auto, (max-width: 300px) 100vw, 300px\" \/><\/a><p id=\"caption-attachment-70435\" class=\"wp-caption-text\">El conductor del Fiat result\u00f3 lesionado.<\/p><\/div>\n<p>Al mando de \u00faltimo rodado iba un hombre de apellido <strong><em>Pradera<\/em><\/strong> (<strong>78<\/strong>), que reside en Bowen, que producto de la colisi\u00f3n sufri\u00f3 <strong><em>traumatismos intercostal en el costado izquierdo<\/em> <\/strong>por lo que una ambulancia lo traslad\u00f3 hasta el Hospital Regional, donde<strong> lo internaron en Observaci\u00f3n para realizarle diversos estudios<\/strong>.<\/p>\n<p>Personal de Polic\u00eda Vial trabaj\u00f3 en el lugar junto con Cient\u00edfica realizando las medidas de rigor.<\/p>\n<p>En Comisar\u00eda 14\u00b0 se labraron actuaciones en averiguaci\u00f3n de los hechos bajo instrucci\u00f3n de la Unidad Fiscal de Gral. Alvear.<\/p>\n<h5>\u2022<em>Fernando Burett (F.M. Vi\u00f1as).<\/em><\/h5>\n","protected":false},"excerpt":{"rendered":"<p>Un cami\u00f3n de grandes dimensiones impact\u00f3 violentamente contra un veh\u00edculo particular en el interior de Barrio San Carlos en horas de &#8230;<\/p>\n","protected":false},"author":8,"featured_media":70427,"comment_status":"open","ping_status":"open","sticky":false,"template":"","format":"standard","meta":{"footnotes":""},"categories":[5,4],"tags":[],"class_list":["post-70423","post","type-post","status-publish","format-standard","has-post-thumbnail","hentry","category-actualidad","category-policiales"],"_links":{"self":[{"href":"https:\/\/vinasfm.com\/noticias\/wp-json\/wp\/v2\/posts\/70423","targetHints":{"allow":["GET"]}}],"collection":[{"href":"https:\/\/vinasfm.com\/noticias\/wp-json\/wp\/v2\/posts"}],"about":[{"href":"https:\/\/vinasfm.com\/noticias\/wp-json\/wp\/v2\/types\/post"}],"author":[{"embeddable":true,"href":"https:\/\/vinasfm.com\/noticias\/wp-json\/wp\/v2\/users\/8"}],"replies":[{"embeddable":true,"href":"https:\/\/vinasfm.com\/noticias\/wp-json\/wp\/v2\/comments?post=70423"}],"version-history":[{"count":2,"href":"https:\/\/vinasfm.com\/noticias\/wp-json\/wp\/v2\/posts\/70423\/revisions"}],"predecessor-version":[{"id":70438,"href":"https:\/\/vinasfm.com\/noticias\/wp-json\/wp\/v2\/posts\/70423\/revisions\/70438"}],"wp:featuredmedia":[{"embeddable":true,"href":"https:\/\/vinasfm.com\/noticias\/wp-json\/wp\/v2\/media\/70427"}],"wp:attachment":[{"href":"https:\/\/vinasfm.com\/noticias\/wp-json\/wp\/v2\/media?parent=70423"}],"wp:term":[{"taxonomy":"category","embeddable":true,"href":"https:\/\/vinasfm.com\/noticias\/wp-json\/wp\/v2\/categories?post=70423"},{"taxonomy":"post_tag","embeddable":true,"href":"https:\/\/vinasfm.com\/noticias\/wp-json\/wp\/v2\/tags?post=70423"}],"curies":[{"name":"wp","href":"https:\/\/api.w.org\/{rel}","templated":true}]}}