{"id":70388,"date":"2020-06-02T08:40:04","date_gmt":"2020-06-02T11:40:04","guid":{"rendered":"http:\/\/vinasfm.com\/noticias\/?p=70388"},"modified":"2020-06-03T10:04:23","modified_gmt":"2020-06-03T13:04:23","slug":"en-plena-temporada-de-incendios-defensa-civil-implementara-picadas-cortafuegos-en-alvear","status":"publish","type":"post","link":"https:\/\/vinasfm.com\/noticias\/en-plena-temporada-de-incendios-defensa-civil-implementara-picadas-cortafuegos-en-alvear\/","title":{"rendered":"EN PLENA TEMPORADA DE INCENDIOS, DEFENSA CIVIL IMPLEMENTAR\u00c1 PICADAS CORTAFUEGOS EN ALVEAR"},"content":{"rendered":"<h4><strong>En plena\u00a0\u201ctemporada\u201d de\u00a0incendios, desde Defensa Civil anunciaron que comenzar\u00e1n a trabajar para evitar cualquier tipo de inconveniente y reducir al m\u00ednimo las probabilidades de siniestros en el territorio alvearense, adem\u00e1s cuidar el entorno natural.<\/strong><\/h4>\n<p>Por eso,\u00a0el <strong>Director de Defensa Civil Alvear Adolfo Balverde<\/strong> se\u00f1al\u00f3 que luego algunos inconvenientes en la Motoniveladora producto de desgaste, comenzar\u00e1n a trabajar en la picadas cortafuegos: \u201c<strong><em>Hemos terminado de poner en condiciones la maquina ya que hab\u00edan surgido algunos inconvenientes en las cubiertas y cuchilla por lo que estamos en condiciones de salir a trabajar<\/em><\/strong>\u201d.<\/p>\n<div id=\"attachment_15169\" style=\"width: 300px\" class=\"wp-caption alignleft\"><a href=\"http:\/\/vinasfm.com\/noticias\/wp-content\/uploads\/2016\/11\/Adolfo-Balverde-defensa-civil.jpg\"><img loading=\"lazy\" decoding=\"async\" aria-describedby=\"caption-attachment-15169\" class=\"size-medium wp-image-15169\" src=\"http:\/\/vinasfm.com\/noticias\/wp-content\/uploads\/2016\/11\/Adolfo-Balverde-defensa-civil-300x200.jpg\" alt=\"\" width=\"300\" height=\"200\" srcset=\"https:\/\/vinasfm.com\/noticias\/wp-content\/uploads\/2016\/11\/Adolfo-Balverde-defensa-civil-300x200.jpg 300w, https:\/\/vinasfm.com\/noticias\/wp-content\/uploads\/2016\/11\/Adolfo-Balverde-defensa-civil-768x512.jpg 768w, https:\/\/vinasfm.com\/noticias\/wp-content\/uploads\/2016\/11\/Adolfo-Balverde-defensa-civil.jpg 980w\" sizes=\"auto, (max-width: 300px) 100vw, 300px\" \/><\/a><p id=\"caption-attachment-15169\" class=\"wp-caption-text\">Adolfo Balverde, Director de Defensa Civil.<\/p><\/div>\n<p>Resalt\u00f3 que <strong>se trata de la misma m\u00e1quina que adquiri\u00f3 el municipio <\/strong>y con la que se trabaj\u00f3 en las picadas cortafuegos para los productores de Alvear y seguir\u00e1 con el mismo trabajo haciendo conservaci\u00f3n y mantenimiento.<\/p>\n<p>Al ser consultado por el costo del servicio, Balverde destac\u00f3 que \u201c<em>seguir\u00e1 siendo el mismo: son <strong>50 litros de gasoil Infinia<\/strong> significando <strong>un presupuesto de $3.000 la hora para el productor<\/strong>\u201d. <\/em>En este sentido resalt\u00f3 que <strong>con el pago de los productores alcanza para cubrir los gastos<\/strong>.<\/p>\n<p>\u201c<strong><em>La motoniveladora, la camioneta<\/em><\/strong><em> y <strong>el equipo de trabajo<\/strong> <strong>est\u00e1n en condiciones<\/strong> para comenzar a trabajar-<\/em>destac\u00f3<em>&#8211; por lo que <strong>es importante que los productores se enteren que entre 7 y 10 d\u00edas comenzaremos a salir. Para esto realizaremos un cronograma con los trabajos necesarios<\/strong> por lo que ya <strong>pueden ya inscribirse en la Oficina de Defensa Civil<\/strong>\u201d.<\/em><\/p>\n<p>El funcionario record\u00f3 que durante la <strong>temporada 2019-2020<\/strong> \u201c<strong><em>se hizo m\u00e1s de 2000 kil\u00f3metros en el departamento y dio sus frutos ya que los incendios dados en ese periodo se pudieron controlar dentro de los cuadros<\/em><\/strong><em>. Los ganaderos tomaron conciencia de este tipo de trabajo y se pudo contener la mayor\u00eda de los incendios con picadas<\/em>\u201d.<\/p>\n<h5><em>\u2022Fernando Burett (F.M. Vi\u00f1as).<\/em><\/h5>\n","protected":false},"excerpt":{"rendered":"<p>En plena\u00a0\u201ctemporada\u201d de\u00a0incendios, desde Defensa Civil anunciaron que comenzar\u00e1n a trabajar para evitar cualquier tipo de inconveniente y reducir al m\u00ednimo &#8230;<\/p>\n","protected":false},"author":8,"featured_media":70389,"comment_status":"open","ping_status":"open","sticky":false,"template":"","format":"standard","meta":{"footnotes":""},"categories":[5,51],"tags":[],"class_list":["post-70388","post","type-post","status-publish","format-standard","has-post-thumbnail","hentry","category-actualidad","category-defensa-civil"],"_links":{"self":[{"href":"https:\/\/vinasfm.com\/noticias\/wp-json\/wp\/v2\/posts\/70388","targetHints":{"allow":["GET"]}}],"collection":[{"href":"https:\/\/vinasfm.com\/noticias\/wp-json\/wp\/v2\/posts"}],"about":[{"href":"https:\/\/vinasfm.com\/noticias\/wp-json\/wp\/v2\/types\/post"}],"author":[{"embeddable":true,"href":"https:\/\/vinasfm.com\/noticias\/wp-json\/wp\/v2\/users\/8"}],"replies":[{"embeddable":true,"href":"https:\/\/vinasfm.com\/noticias\/wp-json\/wp\/v2\/comments?post=70388"}],"version-history":[{"count":1,"href":"https:\/\/vinasfm.com\/noticias\/wp-json\/wp\/v2\/posts\/70388\/revisions"}],"predecessor-version":[{"id":70390,"href":"https:\/\/vinasfm.com\/noticias\/wp-json\/wp\/v2\/posts\/70388\/revisions\/70390"}],"wp:featuredmedia":[{"embeddable":true,"href":"https:\/\/vinasfm.com\/noticias\/wp-json\/wp\/v2\/media\/70389"}],"wp:attachment":[{"href":"https:\/\/vinasfm.com\/noticias\/wp-json\/wp\/v2\/media?parent=70388"}],"wp:term":[{"taxonomy":"category","embeddable":true,"href":"https:\/\/vinasfm.com\/noticias\/wp-json\/wp\/v2\/categories?post=70388"},{"taxonomy":"post_tag","embeddable":true,"href":"https:\/\/vinasfm.com\/noticias\/wp-json\/wp\/v2\/tags?post=70388"}],"curies":[{"name":"wp","href":"https:\/\/api.w.org\/{rel}","templated":true}]}}