{"id":70275,"date":"2020-05-30T00:00:19","date_gmt":"2020-05-30T03:00:19","guid":{"rendered":"http:\/\/vinasfm.com\/noticias\/?p=70275"},"modified":"2020-06-01T10:00:01","modified_gmt":"2020-06-01T13:00:01","slug":"mendoza-confirmo-3-nuevos-casos-una-familia-entera-se-contagio-de-covid-19","status":"publish","type":"post","link":"https:\/\/vinasfm.com\/noticias\/mendoza-confirmo-3-nuevos-casos-una-familia-entera-se-contagio-de-covid-19\/","title":{"rendered":"MENDOZA CONFIRM\u00d3 3 NUEVOS CASOS POSITIVOS: UNA FAMILIA ENTERA SE CONTAGI\u00d3 DE COVID-19"},"content":{"rendered":"<h4 style=\"text-align: left;\"><strong>El Ministerio de Salud inform\u00f3 que este viernes se registraron tres nuevos casos positivos en las \u00faltimas horas. Se trata de una familia entera: una pareja joven y su hijo.\u00a0<\/strong><\/h4>\n<p>La Red de Laboratorios del Ministerio de Salud, Desarrollo Social y Deportes de la Provincia inform\u00f3 que a las 21 de este viernes se terminaron de procesar 4 nuevas muestras: <strong>1 fue negativa y 3 resultaron positivas<\/strong>.<\/p>\n<p>Se trata de <strong>una mujer, un hombre<\/strong> y <strong>un menor de edad<\/strong> internados en el <strong>Hospital Paroissien<\/strong>. Todos los pacientes <strong>pertenecen a un mismo grupo familiar<\/strong>, donde la Direcci\u00f3n de Epidemiolog\u00eda est\u00e1 estudiando el nexo epidemiol\u00f3gico.<\/p>\n<p>En la investigaci\u00f3n epidemiol\u00f3gica que se hizo se hall\u00f3 un posible nexo. Un familiar de ellos\u00a0<strong>es camionero\u00a0y est\u00e1 en permanente contacto con Buenos Aires<\/strong>. Creen que ese fue el factor de contagio. El transportista est\u00e1 en Buenos Aires actualmente e intentar\u00e1n que se controle en ese distrito.<\/p>\n<p><strong>Mendoza cuenta con 86 casos confirmados, <\/strong>de los cuales 42 casos son importados \u2013gente que ha llegado de otros pa\u00edses\u2013, 38 de ellos por contacto estrecho con alguien que vino de otro pa\u00eds o dio positivo de COVID-19 y 6 en investigaci\u00f3n epidemiol\u00f3gica.<\/p>\n<p>Asimismo, <strong>la provincia tiene 67 personas recuperadas y 9 fallecimientos por COVID-19.<\/strong><\/p>\n<p>Es importante recordar que el Ministerio de Salud de Mendoza informa sobre todos los pacientes que ingresan al sistema sanitario p\u00fablico y privado de la provincia.<\/p>\n<p>En los casos en que un mendocino da positivo en otras jurisdicciones nacionales \u2013por estar estudiando en otra provincia, por vivir en otro lugar sin registrar el cambio de domicilio o por estar realizando un trabajo temporario\u2013, no ser\u00e1 registrado como caso confirmado en Mendoza.<\/p>\n<p>Mantener los casos limitados a aquellos que vienen del extranjero ser\u00e1 posible en la medida que respetemos estrictamente el aislamiento social.<\/p>\n<h5><em>\u2022Fernando Burett (F.M. Vi\u00f1as).<\/em><\/h5>\n","protected":false},"excerpt":{"rendered":"<p>El Ministerio de Salud inform\u00f3 que este viernes se registraron tres nuevos casos positivos en las \u00faltimas horas. Se trata de &#8230;<\/p>\n","protected":false},"author":8,"featured_media":69826,"comment_status":"open","ping_status":"open","sticky":false,"template":"","format":"standard","meta":{"footnotes":""},"categories":[5,62],"tags":[],"class_list":["post-70275","post","type-post","status-publish","format-standard","has-post-thumbnail","hentry","category-actualidad","category-coronavirus"],"_links":{"self":[{"href":"https:\/\/vinasfm.com\/noticias\/wp-json\/wp\/v2\/posts\/70275","targetHints":{"allow":["GET"]}}],"collection":[{"href":"https:\/\/vinasfm.com\/noticias\/wp-json\/wp\/v2\/posts"}],"about":[{"href":"https:\/\/vinasfm.com\/noticias\/wp-json\/wp\/v2\/types\/post"}],"author":[{"embeddable":true,"href":"https:\/\/vinasfm.com\/noticias\/wp-json\/wp\/v2\/users\/8"}],"replies":[{"embeddable":true,"href":"https:\/\/vinasfm.com\/noticias\/wp-json\/wp\/v2\/comments?post=70275"}],"version-history":[{"count":2,"href":"https:\/\/vinasfm.com\/noticias\/wp-json\/wp\/v2\/posts\/70275\/revisions"}],"predecessor-version":[{"id":70281,"href":"https:\/\/vinasfm.com\/noticias\/wp-json\/wp\/v2\/posts\/70275\/revisions\/70281"}],"wp:featuredmedia":[{"embeddable":true,"href":"https:\/\/vinasfm.com\/noticias\/wp-json\/wp\/v2\/media\/69826"}],"wp:attachment":[{"href":"https:\/\/vinasfm.com\/noticias\/wp-json\/wp\/v2\/media?parent=70275"}],"wp:term":[{"taxonomy":"category","embeddable":true,"href":"https:\/\/vinasfm.com\/noticias\/wp-json\/wp\/v2\/categories?post=70275"},{"taxonomy":"post_tag","embeddable":true,"href":"https:\/\/vinasfm.com\/noticias\/wp-json\/wp\/v2\/tags?post=70275"}],"curies":[{"name":"wp","href":"https:\/\/api.w.org\/{rel}","templated":true}]}}