{"id":70113,"date":"2020-05-27T07:52:40","date_gmt":"2020-05-27T10:52:40","guid":{"rendered":"http:\/\/vinasfm.com\/noticias\/?p=70113"},"modified":"2020-05-27T11:00:05","modified_gmt":"2020-05-27T14:00:05","slug":"anses-sumo-nuevos-tramites-a-traves-de-la-atencion-virtual","status":"publish","type":"post","link":"https:\/\/vinasfm.com\/noticias\/anses-sumo-nuevos-tramites-a-traves-de-la-atencion-virtual\/","title":{"rendered":"ANSES SUM\u00d3 NUEVOS TR\u00c1MITES A TRAV\u00c9S DE LA ATENCI\u00d3N VIRTUAL"},"content":{"rendered":"<p><strong>La ANSES oficializ\u00f3 la ampliaci\u00f3n de los tr\u00e1mites virtuales que ven\u00eda haciendo en la p\u00e1gina <a href=\"https:\/\/www.anses.gob.ar\/\">https:\/\/www.anses.gob.ar\/<\/a> . A partir de ayer martes ya se pueden gestionar a trav\u00e9s de la web la Asignaci\u00f3n Familiar por Prenatal, la Asignaci\u00f3n por Embarazo para Protecci\u00f3n Social y Activaci\u00f3n de Beneficio Previsional (rehabilitaci\u00f3n del cobro de una jubilaci\u00f3n o pensi\u00f3n).<\/strong><\/p>\n<p>Asimismo, desde la entidad informaron que se ampli\u00f3 a 60.000 la cantidad de tr\u00e1mites que se pueden canalizar a trav\u00e9s de su modalidad Atenci\u00f3n Virtual, que funciona todos los d\u00edas de 0 a 20 horas.<\/p>\n<p>Es importante mantener actualizados los datos de contacto, ya que la ANSES responder\u00e1 la consulta por correo electr\u00f3nico.<\/p>\n<p>Cabe recordar que entre las gestiones que pueden realizarse v\u00eda web, tambi\u00e9n se encuentran el reclamo de un haber no cobrado de una jubilaci\u00f3n o pensi\u00f3n y el inicio de la Asignaci\u00f3n por Maternidad.<\/p>\n<p>Por otra parte, adem\u00e1s el organismo realiza a trav\u00e9s de esta plataforma asesoramiento sobre jubilaciones y pensiones, subsidio de contenci\u00f3n familiar, designaci\u00f3n de apoderados, actualizaci\u00f3n de datos personales o del grupo familiar, asignaciones universales y familiares por hijo, por nacimiento y adopci\u00f3n, pensi\u00f3n no contributiva para madre de siete hijos y r\u00e9gimen de reparaci\u00f3n econ\u00f3mica para las ni\u00f1as, ni\u00f1os y adolescentes.<\/p>\n<p>F.B.<\/p>\n","protected":false},"excerpt":{"rendered":"<p>La ANSES oficializ\u00f3 la ampliaci\u00f3n de los tr\u00e1mites virtuales que ven\u00eda haciendo en la p\u00e1gina https:\/\/www.anses.gob.ar\/ . A partir de ayer &#8230;<\/p>\n","protected":false},"author":8,"featured_media":70114,"comment_status":"open","ping_status":"open","sticky":false,"template":"","format":"standard","meta":{"footnotes":""},"categories":[5,50],"tags":[],"class_list":["post-70113","post","type-post","status-publish","format-standard","has-post-thumbnail","hentry","category-actualidad","category-anses"],"_links":{"self":[{"href":"https:\/\/vinasfm.com\/noticias\/wp-json\/wp\/v2\/posts\/70113","targetHints":{"allow":["GET"]}}],"collection":[{"href":"https:\/\/vinasfm.com\/noticias\/wp-json\/wp\/v2\/posts"}],"about":[{"href":"https:\/\/vinasfm.com\/noticias\/wp-json\/wp\/v2\/types\/post"}],"author":[{"embeddable":true,"href":"https:\/\/vinasfm.com\/noticias\/wp-json\/wp\/v2\/users\/8"}],"replies":[{"embeddable":true,"href":"https:\/\/vinasfm.com\/noticias\/wp-json\/wp\/v2\/comments?post=70113"}],"version-history":[{"count":1,"href":"https:\/\/vinasfm.com\/noticias\/wp-json\/wp\/v2\/posts\/70113\/revisions"}],"predecessor-version":[{"id":70148,"href":"https:\/\/vinasfm.com\/noticias\/wp-json\/wp\/v2\/posts\/70113\/revisions\/70148"}],"wp:featuredmedia":[{"embeddable":true,"href":"https:\/\/vinasfm.com\/noticias\/wp-json\/wp\/v2\/media\/70114"}],"wp:attachment":[{"href":"https:\/\/vinasfm.com\/noticias\/wp-json\/wp\/v2\/media?parent=70113"}],"wp:term":[{"taxonomy":"category","embeddable":true,"href":"https:\/\/vinasfm.com\/noticias\/wp-json\/wp\/v2\/categories?post=70113"},{"taxonomy":"post_tag","embeddable":true,"href":"https:\/\/vinasfm.com\/noticias\/wp-json\/wp\/v2\/tags?post=70113"}],"curies":[{"name":"wp","href":"https:\/\/api.w.org\/{rel}","templated":true}]}}