{"id":70097,"date":"2020-05-27T09:00:13","date_gmt":"2020-05-27T12:00:13","guid":{"rendered":"http:\/\/vinasfm.com\/noticias\/?p=70097"},"modified":"2020-05-28T09:54:29","modified_gmt":"2020-05-28T12:54:29","slug":"motociclista-resulto-lesionada-tras-colisionar-con-un-auto-en-el-b-san-carlos","status":"publish","type":"post","link":"https:\/\/vinasfm.com\/noticias\/motociclista-resulto-lesionada-tras-colisionar-con-un-auto-en-el-b-san-carlos\/","title":{"rendered":"MOTOCICLISTA RESULT\u00d3 LESIONADA TRAS COLISIONAR CON UN AUTO EN EL B\u00b0 SAN CARLOS"},"content":{"rendered":"<h4><strong>Una joven, al mando de una moto, termin\u00f3 con varios golpes luego de participar de un accidente de tr\u00e1nsito en el interior del Barrio San Carlos.<\/strong><\/h4>\n<p>Todo sucedi\u00f3 alrededor de las <strong>18h de este martes<\/strong>, cuando por <strong><em>calle Chacabuco<\/em><\/strong> circulaba un autom\u00f3vil <strong>Bora<\/strong>, conducido por un hombre (42), y al llegar a la <strong>intersecci\u00f3n con calle Juan B. Justo<\/strong> impact\u00f3 contra una <strong>moto 110cc<\/strong>, generando que la conductora del rodado menor (19) y su acompa\u00f1ante, menor de edad, cayeran pesadamente sobre el pavimento.<\/p>\n<p>Producto de la colisi\u00f3n, la motociclista de apellido <em>Garay<\/em>, fue trasladada al Hospital Regional para su asistencia. Una vez en el nosocomio, le diagnosticaron <em><strong>politraumatismos leves<\/strong><\/em> mientras que <strong>la menor result\u00f3 ilesa<\/strong>. Por su parte el conductor del Bora, de apellido <em>Sosa<\/em>, no revest\u00eda lesiones.<\/p>\n<p>En el escenario del siniestro trabaj\u00f3 Polic\u00eda Vial realizando las medidas correspondientes. En Comisar\u00eda 14\u00b0 se labraron actuaciones en averiguaci\u00f3n de los hechos bajo instrucci\u00f3n de la Unidad Fiscal.<\/p>\n<h5>\u2022<em>F.B. (F.M. Vi\u00f1as).<\/em><\/h5>\n","protected":false},"excerpt":{"rendered":"<p>Una joven, al mando de una moto, termin\u00f3 con varios golpes luego de participar de un accidente de tr\u00e1nsito en el &#8230;<\/p>\n","protected":false},"author":8,"featured_media":70098,"comment_status":"open","ping_status":"open","sticky":false,"template":"","format":"standard","meta":{"footnotes":""},"categories":[5,4],"tags":[],"class_list":["post-70097","post","type-post","status-publish","format-standard","has-post-thumbnail","hentry","category-actualidad","category-policiales"],"_links":{"self":[{"href":"https:\/\/vinasfm.com\/noticias\/wp-json\/wp\/v2\/posts\/70097","targetHints":{"allow":["GET"]}}],"collection":[{"href":"https:\/\/vinasfm.com\/noticias\/wp-json\/wp\/v2\/posts"}],"about":[{"href":"https:\/\/vinasfm.com\/noticias\/wp-json\/wp\/v2\/types\/post"}],"author":[{"embeddable":true,"href":"https:\/\/vinasfm.com\/noticias\/wp-json\/wp\/v2\/users\/8"}],"replies":[{"embeddable":true,"href":"https:\/\/vinasfm.com\/noticias\/wp-json\/wp\/v2\/comments?post=70097"}],"version-history":[{"count":1,"href":"https:\/\/vinasfm.com\/noticias\/wp-json\/wp\/v2\/posts\/70097\/revisions"}],"predecessor-version":[{"id":70099,"href":"https:\/\/vinasfm.com\/noticias\/wp-json\/wp\/v2\/posts\/70097\/revisions\/70099"}],"wp:featuredmedia":[{"embeddable":true,"href":"https:\/\/vinasfm.com\/noticias\/wp-json\/wp\/v2\/media\/70098"}],"wp:attachment":[{"href":"https:\/\/vinasfm.com\/noticias\/wp-json\/wp\/v2\/media?parent=70097"}],"wp:term":[{"taxonomy":"category","embeddable":true,"href":"https:\/\/vinasfm.com\/noticias\/wp-json\/wp\/v2\/categories?post=70097"},{"taxonomy":"post_tag","embeddable":true,"href":"https:\/\/vinasfm.com\/noticias\/wp-json\/wp\/v2\/tags?post=70097"}],"curies":[{"name":"wp","href":"https:\/\/api.w.org\/{rel}","templated":true}]}}