{"id":70052,"date":"2020-05-26T02:00:54","date_gmt":"2020-05-26T05:00:54","guid":{"rendered":"http:\/\/vinasfm.com\/noticias\/?p=70052"},"modified":"2020-05-26T02:56:33","modified_gmt":"2020-05-26T05:56:33","slug":"distrital-ii-en-cada-dependencia-policial-se-conmemoro-el-25-de-mayo","status":"publish","type":"post","link":"https:\/\/vinasfm.com\/noticias\/distrital-ii-en-cada-dependencia-policial-se-conmemoro-el-25-de-mayo\/","title":{"rendered":"DISTRITAL II: EN CADA DEPENDENCIA POLICIAL SE CONMEMOR\u00d3 EL 25 DE MAYO"},"content":{"rendered":"<h4><strong>Como cada jornada en las distintas dependencias policiales de la Distrital II, los efectivos izaron el pabell\u00f3n nacional este 25 de Mayo.<\/strong><\/h4>\n<p>En tiempos de pandemia mundial, el aislamiento social es uno de los m\u00e1s importantes recursos para su combate y en en un d\u00eda tan especial para el coraz\u00f3n argentino, cada dependencia policial realiz\u00f3 su homenaje.<\/p>\n<p>Manteniendo tapa bocas, distanciamiento entre personal, cada dependencia del sur provincial procedi\u00f3 al izamiento de bandera para recordar un a\u00f1o m\u00e1s de aquella hist\u00f3rica Revoluci\u00f3n del 25 de mayo de 1810.<\/p>\n<p><strong>FOTOGALER\u00cdA<\/strong><\/p>\n<p><a href=\"http:\/\/vinasfm.com\/noticias\/wp-content\/uploads\/2020\/05\/IMG-20200525-WA0034.jpg\"><img loading=\"lazy\" decoding=\"async\" class=\"size-medium wp-image-70054 aligncenter\" src=\"http:\/\/vinasfm.com\/noticias\/wp-content\/uploads\/2020\/05\/IMG-20200525-WA0034-300x225.jpg\" alt=\"\" width=\"300\" height=\"225\" srcset=\"https:\/\/vinasfm.com\/noticias\/wp-content\/uploads\/2020\/05\/IMG-20200525-WA0034-300x225.jpg 300w, https:\/\/vinasfm.com\/noticias\/wp-content\/uploads\/2020\/05\/IMG-20200525-WA0034-1024x768.jpg 1024w, https:\/\/vinasfm.com\/noticias\/wp-content\/uploads\/2020\/05\/IMG-20200525-WA0034-768x576.jpg 768w, https:\/\/vinasfm.com\/noticias\/wp-content\/uploads\/2020\/05\/IMG-20200525-WA0034.jpg 1280w\" sizes=\"auto, (max-width: 300px) 100vw, 300px\" \/><\/a> <a href=\"http:\/\/vinasfm.com\/noticias\/wp-content\/uploads\/2020\/05\/IMG-20200525-WA0035.jpg\"><img loading=\"lazy\" decoding=\"async\" class=\"size-medium wp-image-70055 aligncenter\" src=\"http:\/\/vinasfm.com\/noticias\/wp-content\/uploads\/2020\/05\/IMG-20200525-WA0035-300x227.jpg\" alt=\"\" width=\"300\" height=\"227\" srcset=\"https:\/\/vinasfm.com\/noticias\/wp-content\/uploads\/2020\/05\/IMG-20200525-WA0035-300x227.jpg 300w, https:\/\/vinasfm.com\/noticias\/wp-content\/uploads\/2020\/05\/IMG-20200525-WA0035-1024x776.jpg 1024w, https:\/\/vinasfm.com\/noticias\/wp-content\/uploads\/2020\/05\/IMG-20200525-WA0035-768x582.jpg 768w, https:\/\/vinasfm.com\/noticias\/wp-content\/uploads\/2020\/05\/IMG-20200525-WA0035.jpg 1280w\" sizes=\"auto, (max-width: 300px) 100vw, 300px\" \/><\/a> <a href=\"http:\/\/vinasfm.com\/noticias\/wp-content\/uploads\/2020\/05\/IMG-20200525-WA0033-1.jpg\"><img loading=\"lazy\" decoding=\"async\" class=\"size-medium wp-image-70056 aligncenter\" src=\"http:\/\/vinasfm.com\/noticias\/wp-content\/uploads\/2020\/05\/IMG-20200525-WA0033-1-300x169.jpg\" alt=\"\" width=\"300\" height=\"169\" srcset=\"https:\/\/vinasfm.com\/noticias\/wp-content\/uploads\/2020\/05\/IMG-20200525-WA0033-1-300x169.jpg 300w, https:\/\/vinasfm.com\/noticias\/wp-content\/uploads\/2020\/05\/IMG-20200525-WA0033-1-1024x576.jpg 1024w, https:\/\/vinasfm.com\/noticias\/wp-content\/uploads\/2020\/05\/IMG-20200525-WA0033-1-768x432.jpg 768w, https:\/\/vinasfm.com\/noticias\/wp-content\/uploads\/2020\/05\/IMG-20200525-WA0033-1-750x420.jpg 750w, https:\/\/vinasfm.com\/noticias\/wp-content\/uploads\/2020\/05\/IMG-20200525-WA0033-1.jpg 1032w\" sizes=\"auto, (max-width: 300px) 100vw, 300px\" \/><\/a> <a href=\"http:\/\/vinasfm.com\/noticias\/wp-content\/uploads\/2020\/05\/IMG-20200525-WA0032.jpg\"><img loading=\"lazy\" decoding=\"async\" class=\"size-medium wp-image-70057 aligncenter\" src=\"http:\/\/vinasfm.com\/noticias\/wp-content\/uploads\/2020\/05\/IMG-20200525-WA0032-300x146.jpg\" alt=\"\" width=\"300\" height=\"146\" srcset=\"https:\/\/vinasfm.com\/noticias\/wp-content\/uploads\/2020\/05\/IMG-20200525-WA0032-300x146.jpg 300w, https:\/\/vinasfm.com\/noticias\/wp-content\/uploads\/2020\/05\/IMG-20200525-WA0032-1024x498.jpg 1024w, https:\/\/vinasfm.com\/noticias\/wp-content\/uploads\/2020\/05\/IMG-20200525-WA0032-768x374.jpg 768w, https:\/\/vinasfm.com\/noticias\/wp-content\/uploads\/2020\/05\/IMG-20200525-WA0032.jpg 1032w\" sizes=\"auto, (max-width: 300px) 100vw, 300px\" \/><\/a><\/p>\n<h5>\u2022<em>F.B.<\/em><\/h5>\n","protected":false},"excerpt":{"rendered":"<p>Como cada jornada en las distintas dependencias policiales de la Distrital II, los efectivos izaron el pabell\u00f3n nacional este 25 de &#8230;<\/p>\n","protected":false},"author":8,"featured_media":70059,"comment_status":"open","ping_status":"open","sticky":false,"template":"","format":"standard","meta":{"footnotes":""},"categories":[5,10],"tags":[],"class_list":["post-70052","post","type-post","status-publish","format-standard","has-post-thumbnail","hentry","category-actualidad","category-destacadas"],"_links":{"self":[{"href":"https:\/\/vinasfm.com\/noticias\/wp-json\/wp\/v2\/posts\/70052","targetHints":{"allow":["GET"]}}],"collection":[{"href":"https:\/\/vinasfm.com\/noticias\/wp-json\/wp\/v2\/posts"}],"about":[{"href":"https:\/\/vinasfm.com\/noticias\/wp-json\/wp\/v2\/types\/post"}],"author":[{"embeddable":true,"href":"https:\/\/vinasfm.com\/noticias\/wp-json\/wp\/v2\/users\/8"}],"replies":[{"embeddable":true,"href":"https:\/\/vinasfm.com\/noticias\/wp-json\/wp\/v2\/comments?post=70052"}],"version-history":[{"count":1,"href":"https:\/\/vinasfm.com\/noticias\/wp-json\/wp\/v2\/posts\/70052\/revisions"}],"predecessor-version":[{"id":70060,"href":"https:\/\/vinasfm.com\/noticias\/wp-json\/wp\/v2\/posts\/70052\/revisions\/70060"}],"wp:featuredmedia":[{"embeddable":true,"href":"https:\/\/vinasfm.com\/noticias\/wp-json\/wp\/v2\/media\/70059"}],"wp:attachment":[{"href":"https:\/\/vinasfm.com\/noticias\/wp-json\/wp\/v2\/media?parent=70052"}],"wp:term":[{"taxonomy":"category","embeddable":true,"href":"https:\/\/vinasfm.com\/noticias\/wp-json\/wp\/v2\/categories?post=70052"},{"taxonomy":"post_tag","embeddable":true,"href":"https:\/\/vinasfm.com\/noticias\/wp-json\/wp\/v2\/tags?post=70052"}],"curies":[{"name":"wp","href":"https:\/\/api.w.org\/{rel}","templated":true}]}}