{"id":70015,"date":"2020-05-25T10:00:34","date_gmt":"2020-05-25T13:00:34","guid":{"rendered":"http:\/\/vinasfm.com\/noticias\/?p=70015"},"modified":"2020-05-25T21:37:29","modified_gmt":"2020-05-26T00:37:29","slug":"san-rafael-alvear-y-malargue-concentran-el-70-de-la-ganaderia-mendocina","status":"publish","type":"post","link":"https:\/\/vinasfm.com\/noticias\/san-rafael-alvear-y-malargue-concentran-el-70-de-la-ganaderia-mendocina\/","title":{"rendered":"SAN RAFAEL, ALVEAR Y MALARG\u00dcE CONCENTRAN EL 70% DE LA GANADER\u00cdA MENDOCINA"},"content":{"rendered":"<p><strong>En los \u00faltimos a\u00f1os uno de los sectores que m\u00e1s crecimiento ha tenido en el Sur provincial es sin dudas la ganader\u00eda, haciendo fuerte hincapi\u00e9 en el sector bovino, pero tambi\u00e9n ha habido un interesante desarrollo en ovinos, caprinos y porcinos. En este sentido, entre San Rafael, Alvear y Malarg\u00fce ya suman m\u00e1s de 1 mill\u00f3n de cabezas de ganado.<\/strong><\/p>\n<p>Un dato a tener en cuenta es que entre los tres departamentos concentran el 70% de la actividad ganadera de la provincia de Mendoza.<\/p>\n<p>El que encabeza la n\u00f3mina es Malarg\u00fce, que tiene registrados 623.219 animales (el 40% del total de Mendoza), seg\u00fan los n\u00fameros del Cl\u00faster Ganadero de la Provincia. En total, el 71% de esos animales pertenecen a los caprinos, el 12% a bovinos y el 11% a ovinos.<\/p>\n<p>El segundo lugar de la provincia corresponde a San Rafael, que concentra el 20% de la actividad ganadera de Mendoza, con 304.851 animales, siendo la n\u00f3mina encabezada por los bovinos (42%), caprinos (36%) y ovinos (12%).<\/p>\n<p>El podio lo completa General Alvear, que llega a 153.884 cabezas y el 10% del total de la producci\u00f3n provincial. Una caracter\u00edstica alvearense es que el 80% de esos animales son bovinos y el segundo segmento incluye a los caprinos (8%).<\/p>\n<p>M\u00e1s atr\u00e1s se ubica Lavalle con 148.147 animales y fuerte preponderancia de caprinos, mientras que San Carlos suma 70.600 cabezas, con los bovinos como principal referente, algo similar a lo que ocurre en La Paz, donde llegan a 61.683 animales.<\/p>\n<h5><strong><em>Fuente: Diario San Rafael \/ A.C.<\/em><\/strong><\/h5>\n","protected":false},"excerpt":{"rendered":"<p>En los \u00faltimos a\u00f1os uno de los sectores que m\u00e1s crecimiento ha tenido en el Sur provincial es sin dudas la &#8230;<\/p>\n","protected":false},"author":7,"featured_media":22092,"comment_status":"open","ping_status":"open","sticky":false,"template":"","format":"standard","meta":{"footnotes":""},"categories":[5,24],"tags":[],"class_list":["post-70015","post","type-post","status-publish","format-standard","has-post-thumbnail","hentry","category-actualidad","category-ganaderia"],"_links":{"self":[{"href":"https:\/\/vinasfm.com\/noticias\/wp-json\/wp\/v2\/posts\/70015","targetHints":{"allow":["GET"]}}],"collection":[{"href":"https:\/\/vinasfm.com\/noticias\/wp-json\/wp\/v2\/posts"}],"about":[{"href":"https:\/\/vinasfm.com\/noticias\/wp-json\/wp\/v2\/types\/post"}],"author":[{"embeddable":true,"href":"https:\/\/vinasfm.com\/noticias\/wp-json\/wp\/v2\/users\/7"}],"replies":[{"embeddable":true,"href":"https:\/\/vinasfm.com\/noticias\/wp-json\/wp\/v2\/comments?post=70015"}],"version-history":[{"count":1,"href":"https:\/\/vinasfm.com\/noticias\/wp-json\/wp\/v2\/posts\/70015\/revisions"}],"predecessor-version":[{"id":70016,"href":"https:\/\/vinasfm.com\/noticias\/wp-json\/wp\/v2\/posts\/70015\/revisions\/70016"}],"wp:featuredmedia":[{"embeddable":true,"href":"https:\/\/vinasfm.com\/noticias\/wp-json\/wp\/v2\/media\/22092"}],"wp:attachment":[{"href":"https:\/\/vinasfm.com\/noticias\/wp-json\/wp\/v2\/media?parent=70015"}],"wp:term":[{"taxonomy":"category","embeddable":true,"href":"https:\/\/vinasfm.com\/noticias\/wp-json\/wp\/v2\/categories?post=70015"},{"taxonomy":"post_tag","embeddable":true,"href":"https:\/\/vinasfm.com\/noticias\/wp-json\/wp\/v2\/tags?post=70015"}],"curies":[{"name":"wp","href":"https:\/\/api.w.org\/{rel}","templated":true}]}}