{"id":69987,"date":"2020-05-25T00:55:11","date_gmt":"2020-05-25T03:55:11","guid":{"rendered":"http:\/\/vinasfm.com\/noticias\/?p=69987"},"modified":"2020-05-26T10:14:54","modified_gmt":"2020-05-26T13:14:54","slug":"alvear-conmemorara-este-25-de-mayo-con-un-sentido-acto-via-online","status":"publish","type":"post","link":"https:\/\/vinasfm.com\/noticias\/alvear-conmemorara-este-25-de-mayo-con-un-sentido-acto-via-online\/","title":{"rendered":"ALVEAR CONMEMORAR\u00c1 ESTE 25 DE MAYO CON UN SENTIDO ACTO VIA ONLINE"},"content":{"rendered":"<h5><strong>Este 25 de mayo los argentinos celebramos el D\u00eda de la Patria, en honor a la Revoluci\u00f3n de Mayo de 1810, una gesta hist\u00f3rica que marc\u00f3 la creaci\u00f3n del primer gobierno criollo en el Cabildo de Buenos Aires.\u00a0<\/strong><\/h5>\n<p>Para celebrar el <strong>210\u00b0 aniversario<\/strong> de esta fecha patria, la <strong>Municipalidad de General Alvear<\/strong> invita este lunes 25 de mayo a participar de <strong>forma on line<\/strong> del acto en conmemoraci\u00f3n de tama\u00f1a gesta.<\/p>\n<p>El evento comenzar\u00e1 a partir de las <strong>10h<\/strong> y el escenario ser\u00e1 la <strong>Plaza &#8216;Carlos Maria de Alvear&#8217;<\/strong>.<\/p>\n<p>Comenzar\u00e1 con el <strong>izamiento de la ense\u00f1a patria<\/strong> y a posterior podremos unir nuestras voces para <strong>entonar las estrofas del Himno Nacional<\/strong>. Concluir\u00e1 el acto el <strong>Intendente Walther Marcolini<\/strong> haciendo uso de la palabra en alusi\u00f3n a la fecha.<\/p>\n<p>Para participar podremos sumarnos en el vivo a trav\u00e9s del Facebook de la Municipalidad: <em><strong>General Alvear Mendoza<\/strong><\/em>.<\/p>\n<p>No olvidemos usar la escarapela y que el frente de nuestra vivienda se vea engalanada con los colores de nuestra Bandera.<\/p>\n<div style=\"width: 1140px;\" class=\"wp-video\"><video class=\"wp-video-shortcode\" id=\"video-69987-1\" width=\"1140\" height=\"641\" preload=\"metadata\" controls=\"controls\"><source type=\"video\/mp4\" src=\"http:\/\/vinasfm.com\/noticias\/wp-content\/uploads\/2020\/05\/VID-20200524-WA0019.mp4?_=1\" \/><a href=\"http:\/\/vinasfm.com\/noticias\/wp-content\/uploads\/2020\/05\/VID-20200524-WA0019.mp4\">http:\/\/vinasfm.com\/noticias\/wp-content\/uploads\/2020\/05\/VID-20200524-WA0019.mp4<\/a><\/video><\/div>\n<h5><em>\u2022F.B. (F.M. Vi\u00f1as).<\/em><\/h5>\n","protected":false},"excerpt":{"rendered":"<p>Este 25 de mayo los argentinos celebramos el D\u00eda de la Patria, en honor a la Revoluci\u00f3n de Mayo de 1810, &#8230;<\/p>\n","protected":false},"author":8,"featured_media":69989,"comment_status":"open","ping_status":"open","sticky":false,"template":"","format":"standard","meta":{"footnotes":""},"categories":[5,10],"tags":[],"class_list":["post-69987","post","type-post","status-publish","format-standard","has-post-thumbnail","hentry","category-actualidad","category-destacadas"],"_links":{"self":[{"href":"https:\/\/vinasfm.com\/noticias\/wp-json\/wp\/v2\/posts\/69987","targetHints":{"allow":["GET"]}}],"collection":[{"href":"https:\/\/vinasfm.com\/noticias\/wp-json\/wp\/v2\/posts"}],"about":[{"href":"https:\/\/vinasfm.com\/noticias\/wp-json\/wp\/v2\/types\/post"}],"author":[{"embeddable":true,"href":"https:\/\/vinasfm.com\/noticias\/wp-json\/wp\/v2\/users\/8"}],"replies":[{"embeddable":true,"href":"https:\/\/vinasfm.com\/noticias\/wp-json\/wp\/v2\/comments?post=69987"}],"version-history":[{"count":1,"href":"https:\/\/vinasfm.com\/noticias\/wp-json\/wp\/v2\/posts\/69987\/revisions"}],"predecessor-version":[{"id":69990,"href":"https:\/\/vinasfm.com\/noticias\/wp-json\/wp\/v2\/posts\/69987\/revisions\/69990"}],"wp:featuredmedia":[{"embeddable":true,"href":"https:\/\/vinasfm.com\/noticias\/wp-json\/wp\/v2\/media\/69989"}],"wp:attachment":[{"href":"https:\/\/vinasfm.com\/noticias\/wp-json\/wp\/v2\/media?parent=69987"}],"wp:term":[{"taxonomy":"category","embeddable":true,"href":"https:\/\/vinasfm.com\/noticias\/wp-json\/wp\/v2\/categories?post=69987"},{"taxonomy":"post_tag","embeddable":true,"href":"https:\/\/vinasfm.com\/noticias\/wp-json\/wp\/v2\/tags?post=69987"}],"curies":[{"name":"wp","href":"https:\/\/api.w.org\/{rel}","templated":true}]}}