{"id":69953,"date":"2020-05-25T09:56:45","date_gmt":"2020-05-25T12:56:45","guid":{"rendered":"http:\/\/vinasfm.com\/noticias\/?p=69953"},"modified":"2020-05-26T10:04:23","modified_gmt":"2020-05-26T13:04:23","slug":"violento-impacto-entre-dos-vehiculos-en-calle-centenario-y-12","status":"publish","type":"post","link":"https:\/\/vinasfm.com\/noticias\/violento-impacto-entre-dos-vehiculos-en-calle-centenario-y-12\/","title":{"rendered":"VIOLENTO IMPACTO ENTRE DOS VEH\u00cdCULOS EN CALLE CENTENARIO Y 12"},"content":{"rendered":"<h4><strong>Dos hombres sufrieron varios golpes y una mujer (32) fractura de clav\u00edcula luego de que el veh\u00edculo en el que se desplazaban fuera colisionado por otro en calle Centenario y terminara en el interior de un canal.<\/strong><\/h4>\n<p>Todo sucedi\u00f3 cerca de las <strong>11:30h de este domingo<\/strong>, cuando por <strong>Centenario<\/strong> se dirig\u00eda hacia el oeste un <strong>Renault 9<\/strong> conducido por un hombre de apellido <em>Amaya<\/em> (51) y a metros de la intersecci\u00f3n con <strong>calle 12<\/strong> <strong>gir\u00f3 bruscamente en U e impact\u00f3 a un F\u00edat Uno que iba en direcci\u00f3n al este.<\/strong><\/p>\n<div id=\"attachment_69971\" style=\"width: 300px\" class=\"wp-caption alignleft\"><a href=\"http:\/\/vinasfm.com\/noticias\/wp-content\/uploads\/2020\/05\/IMG_20200524_140848.jpg\"><img loading=\"lazy\" decoding=\"async\" aria-describedby=\"caption-attachment-69971\" class=\"wp-image-69971 size-medium\" src=\"http:\/\/vinasfm.com\/noticias\/wp-content\/uploads\/2020\/05\/IMG_20200524_140848-300x245.jpg\" alt=\"\" width=\"300\" height=\"245\" srcset=\"https:\/\/vinasfm.com\/noticias\/wp-content\/uploads\/2020\/05\/IMG_20200524_140848-300x245.jpg 300w, https:\/\/vinasfm.com\/noticias\/wp-content\/uploads\/2020\/05\/IMG_20200524_140848.jpg 528w\" sizes=\"auto, (max-width: 300px) 100vw, 300px\" \/><\/a><p id=\"caption-attachment-69971\" class=\"wp-caption-text\">El conductor del Renault es oriundo de Bowen.<\/p><\/div>\n<p>&nbsp;<\/p>\n<p>A ra\u00edz de la colisi\u00f3n, <strong>el segundo rodado termin\u00f3 cayendo al interior de un canal y qued\u00f3 encajado de costado entre unos \u00e1lamos<\/strong>.<\/p>\n<p>Sobre el F\u00edat Uno <strong>iban dos hermanos gemelos<\/strong> (33) de apellido <em>Barotto<\/em> y la novia de uno de ellos (32). Producto del vuelco, ambos hermanos fueron diagnosticados con herida cortante en cuero cabelludo mientras que la joven, de apellido <em>L\u00f3pez<\/em>, sufri\u00f3 <strong>fractura de clav\u00edcula<\/strong> por lo que qued\u00f3 internada en Observaci\u00f3n.<\/p>\n<p>En Comisar\u00eda 14\u00b0 se labraron actuaciones en averiguaci\u00f3n de los hechos bajo instrucci\u00f3n de la Unidad Fiscal de Gral. Alvear.<\/p>\n<p><a href=\"http:\/\/vinasfm.com\/noticias\/wp-content\/uploads\/2020\/05\/Photo_1590334344895.jpg\"><img loading=\"lazy\" decoding=\"async\" class=\" wp-image-69954 aligncenter\" src=\"http:\/\/vinasfm.com\/noticias\/wp-content\/uploads\/2020\/05\/Photo_1590334344895-300x146.jpg\" alt=\"\" width=\"300\" height=\"146\" srcset=\"https:\/\/vinasfm.com\/noticias\/wp-content\/uploads\/2020\/05\/Photo_1590334344895-300x146.jpg 300w, https:\/\/vinasfm.com\/noticias\/wp-content\/uploads\/2020\/05\/Photo_1590334344895-1024x498.jpg 1024w, https:\/\/vinasfm.com\/noticias\/wp-content\/uploads\/2020\/05\/Photo_1590334344895-768x373.jpg 768w, https:\/\/vinasfm.com\/noticias\/wp-content\/uploads\/2020\/05\/Photo_1590334344895.jpg 1280w\" sizes=\"auto, (max-width: 300px) 100vw, 300px\" \/><\/a><\/p>\n<p>&nbsp;<\/p>\n<h5>\u2022<em>Fernando Burett (F.M. Vi\u00f1as).<\/em><\/h5>\n","protected":false},"excerpt":{"rendered":"<p>Dos hombres sufrieron varios golpes y una mujer (32) fractura de clav\u00edcula luego de que el veh\u00edculo en el que se &#8230;<\/p>\n","protected":false},"author":8,"featured_media":69955,"comment_status":"open","ping_status":"open","sticky":false,"template":"","format":"standard","meta":{"footnotes":""},"categories":[5,56],"tags":[],"class_list":["post-69953","post","type-post","status-publish","format-standard","has-post-thumbnail","hentry","category-actualidad","category-seguridad-vial"],"_links":{"self":[{"href":"https:\/\/vinasfm.com\/noticias\/wp-json\/wp\/v2\/posts\/69953","targetHints":{"allow":["GET"]}}],"collection":[{"href":"https:\/\/vinasfm.com\/noticias\/wp-json\/wp\/v2\/posts"}],"about":[{"href":"https:\/\/vinasfm.com\/noticias\/wp-json\/wp\/v2\/types\/post"}],"author":[{"embeddable":true,"href":"https:\/\/vinasfm.com\/noticias\/wp-json\/wp\/v2\/users\/8"}],"replies":[{"embeddable":true,"href":"https:\/\/vinasfm.com\/noticias\/wp-json\/wp\/v2\/comments?post=69953"}],"version-history":[{"count":2,"href":"https:\/\/vinasfm.com\/noticias\/wp-json\/wp\/v2\/posts\/69953\/revisions"}],"predecessor-version":[{"id":69975,"href":"https:\/\/vinasfm.com\/noticias\/wp-json\/wp\/v2\/posts\/69953\/revisions\/69975"}],"wp:featuredmedia":[{"embeddable":true,"href":"https:\/\/vinasfm.com\/noticias\/wp-json\/wp\/v2\/media\/69955"}],"wp:attachment":[{"href":"https:\/\/vinasfm.com\/noticias\/wp-json\/wp\/v2\/media?parent=69953"}],"wp:term":[{"taxonomy":"category","embeddable":true,"href":"https:\/\/vinasfm.com\/noticias\/wp-json\/wp\/v2\/categories?post=69953"},{"taxonomy":"post_tag","embeddable":true,"href":"https:\/\/vinasfm.com\/noticias\/wp-json\/wp\/v2\/tags?post=69953"}],"curies":[{"name":"wp","href":"https:\/\/api.w.org\/{rel}","templated":true}]}}