{"id":69942,"date":"2020-05-24T22:00:22","date_gmt":"2020-05-25T01:00:22","guid":{"rendered":"http:\/\/vinasfm.com\/noticias\/?p=69942"},"modified":"2020-05-25T00:57:21","modified_gmt":"2020-05-25T03:57:21","slug":"la-policia-recupero-una-moto-robada-en-el-b-el-calden","status":"publish","type":"post","link":"https:\/\/vinasfm.com\/noticias\/la-policia-recupero-una-moto-robada-en-el-b-el-calden\/","title":{"rendered":"LA POLIC\u00cdA RECUPER\u00d3 UNA MOTO ROBADA EN EL B\u00b0 EL CALD\u00c9N"},"content":{"rendered":"<h4><strong>En la tarde de este s\u00e1bado, la Polic\u00eda recuper\u00f3 una moto robada <\/strong><strong>en inmediaciones de una cancha de f\u00fatbol ubicada en el Barrio &#8216;El Cald\u00e9n&#8217;.<\/strong><\/h4>\n<p>Se trata de una moto marca <strong>Keller 110cc<\/strong> que fue sustra\u00edda en horas de la madrugada del garaje de una vivienda del mismo barrio. Los propietarios radicaron la denuncia en Comisar\u00eda 14\u00b0 por lo que se activ\u00f3 la b\u00fasqueda.<\/p>\n<p>Cerca de las <strong>18:30h<\/strong>, un llamado al 911 alert\u00f3 sobre la presencia de un rodado con similares caracter\u00edsticas por lo que una movilidad policial se desplaz\u00f3 hasta el lugar, por calle Pedro Molina, y constat\u00f3 que se trataba de la misma moto.<\/p>\n<p>La Keller 110cc fue trasladada a la seccional local, donde se labraron actuaciones en averiguaci\u00f3n de los hechos bajo instrucci\u00f3n de la Unidad Fiscal de Gral. Alvear.<\/p>\n<h5><em>\u2022F.B. (F.M. Vi\u00f1as).<\/em><\/h5>\n","protected":false},"excerpt":{"rendered":"<p>En la tarde de este s\u00e1bado, la Polic\u00eda recuper\u00f3 una moto robada en inmediaciones de una cancha de f\u00fatbol ubicada en &#8230;<\/p>\n","protected":false},"author":8,"featured_media":55306,"comment_status":"open","ping_status":"open","sticky":false,"template":"","format":"standard","meta":{"footnotes":""},"categories":[5,4],"tags":[],"class_list":["post-69942","post","type-post","status-publish","format-standard","has-post-thumbnail","hentry","category-actualidad","category-policiales"],"_links":{"self":[{"href":"https:\/\/vinasfm.com\/noticias\/wp-json\/wp\/v2\/posts\/69942","targetHints":{"allow":["GET"]}}],"collection":[{"href":"https:\/\/vinasfm.com\/noticias\/wp-json\/wp\/v2\/posts"}],"about":[{"href":"https:\/\/vinasfm.com\/noticias\/wp-json\/wp\/v2\/types\/post"}],"author":[{"embeddable":true,"href":"https:\/\/vinasfm.com\/noticias\/wp-json\/wp\/v2\/users\/8"}],"replies":[{"embeddable":true,"href":"https:\/\/vinasfm.com\/noticias\/wp-json\/wp\/v2\/comments?post=69942"}],"version-history":[{"count":2,"href":"https:\/\/vinasfm.com\/noticias\/wp-json\/wp\/v2\/posts\/69942\/revisions"}],"predecessor-version":[{"id":69946,"href":"https:\/\/vinasfm.com\/noticias\/wp-json\/wp\/v2\/posts\/69942\/revisions\/69946"}],"wp:featuredmedia":[{"embeddable":true,"href":"https:\/\/vinasfm.com\/noticias\/wp-json\/wp\/v2\/media\/55306"}],"wp:attachment":[{"href":"https:\/\/vinasfm.com\/noticias\/wp-json\/wp\/v2\/media?parent=69942"}],"wp:term":[{"taxonomy":"category","embeddable":true,"href":"https:\/\/vinasfm.com\/noticias\/wp-json\/wp\/v2\/categories?post=69942"},{"taxonomy":"post_tag","embeddable":true,"href":"https:\/\/vinasfm.com\/noticias\/wp-json\/wp\/v2\/tags?post=69942"}],"curies":[{"name":"wp","href":"https:\/\/api.w.org\/{rel}","templated":true}]}}