{"id":69891,"date":"2020-05-23T07:45:29","date_gmt":"2020-05-23T10:45:29","guid":{"rendered":"http:\/\/vinasfm.com\/noticias\/?p=69891"},"modified":"2020-05-23T07:45:29","modified_gmt":"2020-05-23T10:45:29","slug":"desde-el-gobierno-aclararon-sobre-las-cercanias-familiares-y-geograficas","status":"publish","type":"post","link":"https:\/\/vinasfm.com\/noticias\/desde-el-gobierno-aclararon-sobre-las-cercanias-familiares-y-geograficas\/","title":{"rendered":"DESDE EL GOBIERNO ACLARARON SOBRE &#8216;LAS CERCAN\u00cdAS FAMILIARES Y GEOGR\u00c1FICAS&#8217;"},"content":{"rendered":"<h4><strong>Desde este fin de semana los mendocinos podr\u00e1n realizar reuniones familiares en el marco de la cuarentena obligatoria por coronavirus. Desde el Gobierno de Mendoza explicaron los alcances, los requisitos y los criterios para la realizaci\u00f3n estos encuentros.<\/strong><\/h4>\n<p>El ministro de Gobierno, Trabajo y Justicia de la provincia,\u00a0<b>V\u00edctor Ib\u00e1\u00f1ez<\/b>, indic\u00f3 en la\u00a0decisi\u00f3n del gobernador Rodolfo Suarez de habilitar las reuniones familiares se convirti\u00f3 este viernes en norma con la publicaci\u00f3n del decreto N\u00b0 635.<\/p>\n<p class=\"blue\">\u00ab<em><b>Existe un marcado protocolo para la realizaci\u00f3n de estas reuniones y que lo tenemos que cumplir<\/b><\/em>\u00ab, resalt\u00f3 el funcionario y aclar\u00f3 que \u00ab<em><b>n<\/b><b>o son reuniones de amigos, no son eventos, no son festejos ni ning\u00fan evento que sea masivo<\/b><\/em>\u00ab. \u00abT<em>iene una limitaci\u00f3n clara de 10 personas y se trata de nuestra familia m\u00e1s cercana:\u00a0<b>nuestros padres, nuestros hermanos y nuestros hijos y, por supuesto, los c\u00f3nyuges de cada uno<\/b><\/em>\u00ab, sostuvo.<\/p>\n<p>Asimismo, hizo hincapi\u00e9 en que se tienen que realizar en casas particulares y que no\u00a0est\u00e1 permitido hacerlo en lugares p\u00fablicos ni alquilar salones u otros lugares. \u00ab<em>Son las tradicionales reuniones que desde hace 60 d\u00edas no podemos hacer<\/em>\u00ab, dijo.<\/p>\n<p>Record\u00f3 que\u00a0 que se podr\u00e1n realizar los d\u00edas s\u00e1bados, domingos y feriados en horario de 9 a 23 y afirm\u00f3 que \u00ab<em>tenemos que cumplir en estas reuniones con los protocolos sanitarios y de higiene que ya conocemos y cumplimos d\u00eda a d\u00eda\u00bb.<\/em><\/p>\n<p class=\"orange\">Por otro lado, el ministro realiz\u00f3 una aclaraci\u00f3n respecto de las distancias que se podr\u00e1n recorrer para visitar a los familiares. \u00ab<em><b>No solamente estamos hablando de una cercan\u00eda familiar, es decir, de nuestros lazos m\u00e1s cercanos, sino tambi\u00e9n de una cercan\u00eda geogr\u00e1fica, estamos hablando de la familia de cercan\u00eda, aquella que tenemos cerca en el territorio, en el departamento o en un departamento aleda\u00f1o<\/b><\/em>\u00ab, explic\u00f3.<\/p>\n<p>Asimismo, remarc\u00f3 que \u00ab<em>no podemos usar el servicio de transporte p\u00fablico para las reuniones familiares, con lo cual\u00a0<b>tenemos que manejarnos dentro de los radios razonables de cercan\u00eda geogr\u00e1fica para tener estas reuniones<\/b>\u00ab.<\/em><\/p>\n<p><b>La multa que se aplicar\u00e1 a quienes incumplan los requisitos ser\u00e1 de $50.000<\/b>\u00a0y corresponder\u00e1 al anfitri\u00f3n o propietario del inmueble donde se est\u00e9 realizando el encuentro.<\/p>\n<p>Respecto del control, Ib\u00e1\u00f1ez sostuvo que \u00ab<em>va a ser concurrente<\/em>\u00bb por lo que \u00ab<em>lo van a hacer las autoridades provinciales y tambi\u00e9n las dependencias municipales de control\u00bb.<\/em><\/p>\n<p class=\"gray\">Aclar\u00f3 que \u00ab<em><b>los funcionarios que realizan este control<\/b>\u00a0<b>no pueden ingresar al domicilio<\/b>, sino solicitando el ingreso al due\u00f1o o due\u00f1a de casa. Pero s\u00ed se podr\u00e1n hacerse presentes para ver qu\u00e9 cantidad de gente hay y qui\u00e9nes est\u00e1n y poder hacer un control con todo el respeto constitucional que tiene la propiedad privada,\u00a0<b>salvo en los casos que se formule una denuncia por parte de los vecinos<\/b><\/em>\u00ab.<\/p>\n<p>Por \u00faltimo hizo hincapi\u00e9 en que por el momento no est\u00e1 en consideraci\u00f3n habilitar las reuniones con amigos como parte de la pr\u00f3xima etapa de cuarentena.<\/p>\n<h5><em>F.B.<\/em><\/h5>\n","protected":false},"excerpt":{"rendered":"<p>Desde este fin de semana los mendocinos podr\u00e1n realizar reuniones familiares en el marco de la cuarentena obligatoria por coronavirus. Desde &#8230;<\/p>\n","protected":false},"author":8,"featured_media":69893,"comment_status":"open","ping_status":"open","sticky":false,"template":"","format":"standard","meta":{"footnotes":""},"categories":[5,72],"tags":[],"class_list":["post-69891","post","type-post","status-publish","format-standard","has-post-thumbnail","hentry","category-actualidad","category-cuarentena"],"_links":{"self":[{"href":"https:\/\/vinasfm.com\/noticias\/wp-json\/wp\/v2\/posts\/69891","targetHints":{"allow":["GET"]}}],"collection":[{"href":"https:\/\/vinasfm.com\/noticias\/wp-json\/wp\/v2\/posts"}],"about":[{"href":"https:\/\/vinasfm.com\/noticias\/wp-json\/wp\/v2\/types\/post"}],"author":[{"embeddable":true,"href":"https:\/\/vinasfm.com\/noticias\/wp-json\/wp\/v2\/users\/8"}],"replies":[{"embeddable":true,"href":"https:\/\/vinasfm.com\/noticias\/wp-json\/wp\/v2\/comments?post=69891"}],"version-history":[{"count":1,"href":"https:\/\/vinasfm.com\/noticias\/wp-json\/wp\/v2\/posts\/69891\/revisions"}],"predecessor-version":[{"id":69894,"href":"https:\/\/vinasfm.com\/noticias\/wp-json\/wp\/v2\/posts\/69891\/revisions\/69894"}],"wp:featuredmedia":[{"embeddable":true,"href":"https:\/\/vinasfm.com\/noticias\/wp-json\/wp\/v2\/media\/69893"}],"wp:attachment":[{"href":"https:\/\/vinasfm.com\/noticias\/wp-json\/wp\/v2\/media?parent=69891"}],"wp:term":[{"taxonomy":"category","embeddable":true,"href":"https:\/\/vinasfm.com\/noticias\/wp-json\/wp\/v2\/categories?post=69891"},{"taxonomy":"post_tag","embeddable":true,"href":"https:\/\/vinasfm.com\/noticias\/wp-json\/wp\/v2\/tags?post=69891"}],"curies":[{"name":"wp","href":"https:\/\/api.w.org\/{rel}","templated":true}]}}