{"id":69864,"date":"2020-05-22T10:14:50","date_gmt":"2020-05-22T13:14:50","guid":{"rendered":"http:\/\/vinasfm.com\/noticias\/?p=69864"},"modified":"2020-05-22T12:21:14","modified_gmt":"2020-05-22T15:21:14","slug":"pablo-reyes-sobre-la-asistencia-social-no-puede-haber-desarrollo-humano-si-no-hay-necesidades-basicas-satisfechas","status":"publish","type":"post","link":"https:\/\/vinasfm.com\/noticias\/pablo-reyes-sobre-la-asistencia-social-no-puede-haber-desarrollo-humano-si-no-hay-necesidades-basicas-satisfechas\/","title":{"rendered":"PABLO REYES SOBRE LA ASISTENCIA SOCIAL: \u2018NO PUEDE HABER DESARROLLO HUMANO SI NO HAY NECESIDADES B\u00c1SICAS SATISFECHAS\u2019"},"content":{"rendered":"<h5><strong>Desde el comienzo de su gesti\u00f3n, el Intendente Walther Marcolini defini\u00f3 importantes l\u00edneas de acci\u00f3n en pos de ayudar a los vecinos con mayores necesidades priorizando programas bajo la coordinaci\u00f3n de varias \u00e1reas de la comuna. Teniendo en cuenta la cuarentena, las acciones se han potenciado y el Secretario de Desarrollo Humano se pronunci\u00f3 al respecto. <\/strong><\/h5>\n<p>En lo que respecta a los alumnos de talleres de discapacidad, <strong>Pablo Reyes<\/strong> manifest\u00f3: <em>\u201cEstamos yendo a la casa de los alumnos de los talleres y les llevamos actividades individuales a la casa con los protocolos habilitados. Aprovechando esto estamos compartiendo entre una hora u hora y media con ellos adapt\u00e1ndoles actividades adaptadas a sus posibilidades y salud\u201d.<\/em><\/p>\n<p>Profundizando en el tema, el Secretario agreg\u00f3: <em>\u201cBajo la Coordinaci\u00f3n de Familia, el grupo de profes de educaci\u00f3n f\u00edsica, est\u00e1 realizando un trabajo ordenado, de contenci\u00f3n y acompa\u00f1amiento pensando en el buen desarrollo de la salud de los chicos que realizan esta actividad en medio del aislamiento\u201d<\/em><\/p>\n<p>La Secretaria en conjunto con las dos Direcciones ha tenido que redefinir los objetivos y re planificar todo de acuerdo a esta cuarentena fortaleciendo algunos programas como el de<em> \u201crefuerzos \u00a0alimentarios, reparaci\u00f3n de techos, erradicaci\u00f3n de letrinas, \u00a0garrafas a precio subsidiado que son las grandes l\u00edneas de trabajo que ha tenido la gesti\u00f3n\u201d \u201cestamos definiendo otras acciones que apunten a fortalecer la econom\u00eda b\u00e1sica familiar pensando en el cuentapropista, las personas que trabajan en lo informal\u201d<\/em>, manifest\u00f3 Reyes quien agradeci\u00f3 al resto de las \u00e1reas con la que se coordinan estas l\u00edneas de acci\u00f3n.<\/p>\n<p>Al ser consultado por la entrega de m\u00f3dulos alimentarios, afirm\u00f3 que \u201c<em>no se han suspendido, incluso cuando no pod\u00edamos atender al p\u00fablico, \u00edbamos al domicilio de las personas que lo necesitabas. Lo que hicimos fue habilitar el n\u00famero de la Direcci\u00f3n para asistir de forma personalizada\u201d. <\/em><\/p>\n<p>\u201c<em>Hace 30 a\u00f1os el nivel de pobreza no baja y ahora con la pandemia y las macro decisiones econ\u00f3micas hace que los m\u00e1s afectados sean los m\u00e1s d\u00e9biles por eso se encauzan los recursos en solucionar estas problem\u00e1ticas en Alvear<\/em>\u201d, concluy\u00f3 Reyes.<\/p>\n<h5><em>F.B. (F.M. Vi\u00f1as).\u00a0\u00a0\u00a0\u00a0\u00a0\u00a0\u00a0\u00a0\u00a0 <\/em><\/h5>\n<p><em>\u00a0<\/em><\/p>\n","protected":false},"excerpt":{"rendered":"<p>Desde el comienzo de su gesti\u00f3n, el Intendente Walther Marcolini defini\u00f3 importantes l\u00edneas de acci\u00f3n en pos de ayudar a los &#8230;<\/p>\n","protected":false},"author":8,"featured_media":56048,"comment_status":"open","ping_status":"open","sticky":false,"template":"","format":"standard","meta":{"footnotes":""},"categories":[5,31],"tags":[],"class_list":["post-69864","post","type-post","status-publish","format-standard","has-post-thumbnail","hentry","category-actualidad","category-desarrollo-social"],"_links":{"self":[{"href":"https:\/\/vinasfm.com\/noticias\/wp-json\/wp\/v2\/posts\/69864","targetHints":{"allow":["GET"]}}],"collection":[{"href":"https:\/\/vinasfm.com\/noticias\/wp-json\/wp\/v2\/posts"}],"about":[{"href":"https:\/\/vinasfm.com\/noticias\/wp-json\/wp\/v2\/types\/post"}],"author":[{"embeddable":true,"href":"https:\/\/vinasfm.com\/noticias\/wp-json\/wp\/v2\/users\/8"}],"replies":[{"embeddable":true,"href":"https:\/\/vinasfm.com\/noticias\/wp-json\/wp\/v2\/comments?post=69864"}],"version-history":[{"count":1,"href":"https:\/\/vinasfm.com\/noticias\/wp-json\/wp\/v2\/posts\/69864\/revisions"}],"predecessor-version":[{"id":69868,"href":"https:\/\/vinasfm.com\/noticias\/wp-json\/wp\/v2\/posts\/69864\/revisions\/69868"}],"wp:featuredmedia":[{"embeddable":true,"href":"https:\/\/vinasfm.com\/noticias\/wp-json\/wp\/v2\/media\/56048"}],"wp:attachment":[{"href":"https:\/\/vinasfm.com\/noticias\/wp-json\/wp\/v2\/media?parent=69864"}],"wp:term":[{"taxonomy":"category","embeddable":true,"href":"https:\/\/vinasfm.com\/noticias\/wp-json\/wp\/v2\/categories?post=69864"},{"taxonomy":"post_tag","embeddable":true,"href":"https:\/\/vinasfm.com\/noticias\/wp-json\/wp\/v2\/tags?post=69864"}],"curies":[{"name":"wp","href":"https:\/\/api.w.org\/{rel}","templated":true}]}}