{"id":69855,"date":"2020-05-22T05:34:39","date_gmt":"2020-05-22T08:34:39","guid":{"rendered":"http:\/\/vinasfm.com\/noticias\/?p=69855"},"modified":"2020-05-22T12:22:22","modified_gmt":"2020-05-22T15:22:22","slug":"runners-y-ciclistas-es-riesgoso-o-no-el-uso-de-tapabocas","status":"publish","type":"post","link":"https:\/\/vinasfm.com\/noticias\/runners-y-ciclistas-es-riesgoso-o-no-el-uso-de-tapabocas\/","title":{"rendered":"RUNNERS Y CICLISTAS: \u00bfES RIESGOSO O NO EL USO DE TAPABOCAS?"},"content":{"rendered":"<h4><strong>Con la habilitaci\u00f3n de las salidas deportivas para corredores y ciclistas en un radio de 5 kil\u00f3metros, surgieron muchas dudas respecto a la utilizaci\u00f3n del tapabocas, obligatorio para poder salir pero, \u00bfcon riesgos para la salud de la persona que hace deporte?<\/strong><\/h4>\n<p>En dialogo con F.M. Vi\u00f1as Cristian Malgioglio, manifest\u00f3 que entre sus recomendaciones est\u00e1n el correr en soledad, respetar las distancias entre persona y persona cuando se cruza con otra y cumplir con los radios en los que se puede realzar la actividad.<\/p>\n<p>Con respecto al tapabocas, se\u00f1al\u00f3 \u201c<em>es inc\u00f3modo correr con algo que se interpone entre la inspiraci\u00f3n y la espiraci\u00f3n. Si es una persona con nivel atl\u00e9tico inicial, le va a costar m\u00e1s, pero <strong>es cuesti\u00f3n de adaptarse<\/strong><\/em>\u201d. Actualmente han salido unas mascarillas especiales para el deporte.<\/p>\n<p>\u201cPara que esto contin\u00fae de manera positiva todos tenemos que ser responsables\u201d, sostuvo.<\/p>\n<p>Por su parte Jer\u00f3nimo Colla Director de Deportes indic\u00f3 que <strong><em>\u201chay que entenderlo como salidas de esparcimiento, no c\u00f3mo entrenamiento\u201d.<\/em><\/strong><\/p>\n<p>Por el momento,<strong> ni los clubes, ni el polideportivo municipal est\u00e1n habilitados para la actividad.<\/strong><\/p>\n<h5><strong><em>A.C.<\/em><\/strong><\/h5>\n","protected":false},"excerpt":{"rendered":"<p>Con la habilitaci\u00f3n de las salidas deportivas para corredores y ciclistas en un radio de 5 kil\u00f3metros, surgieron muchas dudas respecto &#8230;<\/p>\n","protected":false},"author":7,"featured_media":69856,"comment_status":"open","ping_status":"open","sticky":false,"template":"","format":"standard","meta":{"footnotes":""},"categories":[1],"tags":[],"class_list":["post-69855","post","type-post","status-publish","format-standard","has-post-thumbnail","hentry","category-fmvinas"],"_links":{"self":[{"href":"https:\/\/vinasfm.com\/noticias\/wp-json\/wp\/v2\/posts\/69855","targetHints":{"allow":["GET"]}}],"collection":[{"href":"https:\/\/vinasfm.com\/noticias\/wp-json\/wp\/v2\/posts"}],"about":[{"href":"https:\/\/vinasfm.com\/noticias\/wp-json\/wp\/v2\/types\/post"}],"author":[{"embeddable":true,"href":"https:\/\/vinasfm.com\/noticias\/wp-json\/wp\/v2\/users\/7"}],"replies":[{"embeddable":true,"href":"https:\/\/vinasfm.com\/noticias\/wp-json\/wp\/v2\/comments?post=69855"}],"version-history":[{"count":1,"href":"https:\/\/vinasfm.com\/noticias\/wp-json\/wp\/v2\/posts\/69855\/revisions"}],"predecessor-version":[{"id":69857,"href":"https:\/\/vinasfm.com\/noticias\/wp-json\/wp\/v2\/posts\/69855\/revisions\/69857"}],"wp:featuredmedia":[{"embeddable":true,"href":"https:\/\/vinasfm.com\/noticias\/wp-json\/wp\/v2\/media\/69856"}],"wp:attachment":[{"href":"https:\/\/vinasfm.com\/noticias\/wp-json\/wp\/v2\/media?parent=69855"}],"wp:term":[{"taxonomy":"category","embeddable":true,"href":"https:\/\/vinasfm.com\/noticias\/wp-json\/wp\/v2\/categories?post=69855"},{"taxonomy":"post_tag","embeddable":true,"href":"https:\/\/vinasfm.com\/noticias\/wp-json\/wp\/v2\/tags?post=69855"}],"curies":[{"name":"wp","href":"https:\/\/api.w.org\/{rel}","templated":true}]}}