{"id":69847,"date":"2020-05-22T22:00:45","date_gmt":"2020-05-23T01:00:45","guid":{"rendered":"http:\/\/vinasfm.com\/noticias\/?p=69847"},"modified":"2020-05-23T12:31:43","modified_gmt":"2020-05-23T15:31:43","slug":"la-pampa-pretende-que-se-abran-las-compuertas-para-abastecer-al-atuel-como-brasil-al-rio-parana","status":"publish","type":"post","link":"https:\/\/vinasfm.com\/noticias\/la-pampa-pretende-que-se-abran-las-compuertas-para-abastecer-al-atuel-como-brasil-al-rio-parana\/","title":{"rendered":"LA PAMPA PRETENDE QUE SE ABRAN LAS COMPUERTAS PARA ABASTECER AL ATUEL COMO BRASIL AL R\u00cdO PARAN\u00c1"},"content":{"rendered":"<h4><strong>En las \u00faltimas semanas mucho se habl\u00f3 de la situaci\u00f3n de la falta de agua en las Cataratas del Iguaz\u00fa y en la cuenca del r\u00edo Paran\u00e1, e incluso se suscit\u00f3 un pedido internacional para que Brasil abra compuertas de sus represas para \u201cabastecer\u201d a los cauces argentinos ante la falta de lluvias.<\/strong><\/h4>\n<p>En este sentido, desde la vecina provincia de La Pampa recogieron el guante y salieron a plantear la necesidad de que Naci\u00f3n proceda de la misma manera con Mendoza para que libere el agua del Atuel hacia su territorio.<\/p>\n<p>Es que nuestro pa\u00eds se puso de acuerdo con Brasil y Paraguay para hacer un uso compartido del r\u00edo Paran\u00e1 y atenuar la extrema bajante que se est\u00e1 viviendo en territorio argentino.<\/p>\n<p>En este sentido, desde el Diario La Arena de la vecina provincia destacaron que \u201cal igual que el r\u00edo Colorado, el Paran\u00e1 tambi\u00e9n est\u00e1 atravesando una bajante hist\u00f3rica, con registros que hace a\u00f1os no se ten\u00edan\u201d.<\/p>\n<p>El compromiso prioritario en el Paran\u00e1 es garantizar el abastecimiento a poblaciones e incluso el subsecretario de Obras Hidr\u00e1ulicas del Ministerio de Obras P\u00fablicas de la Naci\u00f3n, Gustavo Villa Ur\u00eda, destac\u00f3 que el acuerdo logrado evitar\u00e1 dos riesgos que se hab\u00edan presentado por el escaso caudal: la provisi\u00f3n de agua potable a localidades y ciudades, y el transporte de las cosechas de granos.<\/p>\n<p>\u201cA diferencia de lo que sucede en Mendoza, donde el agua del r\u00edo Atuel queda retenida en el embalse El Nihuil y Valle Grande, en el caso del r\u00edo Paran\u00e1 se acord\u00f3 abrir las compuertas de Itaip\u00fa, la gigantesca represa brasile\u00f1o paraguaya\u201d, explican desde el peri\u00f3dico pampeano.<\/p>\n<p>Finalmente se\u00f1alan que \u201cmientras en La Pampa el cauce del r\u00edo Atuel sigue seco culpa del aprovechamiento total que hace Mendoza de sus aguas, a nivel nacional e internacional nuestro pa\u00eds se puso de acuerdo con Brasil y Paraguay para hacer un uso compartido del r\u00edo Paran\u00e1\u201d.<\/p>\n<p><strong>PLANTEAN UNA SITUACI\u00d3N SIMILAR<\/strong><\/p>\n<p>Seg\u00fan indican desde el peri\u00f3dico pampeano, el parlamentario del Parlasur por La Pampa Nelson Nicoletti es uno de los firmantes en el pedido de emergencia h\u00eddrica y ambiental, en todo el cauce de los r\u00edos Paran\u00e1, Iguaz\u00fa, Uruguay y Paraguay, y quien habr\u00eda planteado que lo que est\u00e1 ocurriendo con el Paran\u00e1 es comparable a lo que sucede en La Pampa con el r\u00edo Atuel.<\/p>\n<h6><em>Fuente: Diario San Rafael. \/F.B.<\/em><\/h6>\n","protected":false},"excerpt":{"rendered":"<p>En las \u00faltimas semanas mucho se habl\u00f3 de la situaci\u00f3n de la falta de agua en las Cataratas del Iguaz\u00fa y &#8230;<\/p>\n","protected":false},"author":8,"featured_media":69848,"comment_status":"open","ping_status":"open","sticky":false,"template":"","format":"standard","meta":{"footnotes":""},"categories":[5,54],"tags":[],"class_list":["post-69847","post","type-post","status-publish","format-standard","has-post-thumbnail","hentry","category-actualidad","category-conflicto-con-la-pampa"],"_links":{"self":[{"href":"https:\/\/vinasfm.com\/noticias\/wp-json\/wp\/v2\/posts\/69847","targetHints":{"allow":["GET"]}}],"collection":[{"href":"https:\/\/vinasfm.com\/noticias\/wp-json\/wp\/v2\/posts"}],"about":[{"href":"https:\/\/vinasfm.com\/noticias\/wp-json\/wp\/v2\/types\/post"}],"author":[{"embeddable":true,"href":"https:\/\/vinasfm.com\/noticias\/wp-json\/wp\/v2\/users\/8"}],"replies":[{"embeddable":true,"href":"https:\/\/vinasfm.com\/noticias\/wp-json\/wp\/v2\/comments?post=69847"}],"version-history":[{"count":1,"href":"https:\/\/vinasfm.com\/noticias\/wp-json\/wp\/v2\/posts\/69847\/revisions"}],"predecessor-version":[{"id":69849,"href":"https:\/\/vinasfm.com\/noticias\/wp-json\/wp\/v2\/posts\/69847\/revisions\/69849"}],"wp:featuredmedia":[{"embeddable":true,"href":"https:\/\/vinasfm.com\/noticias\/wp-json\/wp\/v2\/media\/69848"}],"wp:attachment":[{"href":"https:\/\/vinasfm.com\/noticias\/wp-json\/wp\/v2\/media?parent=69847"}],"wp:term":[{"taxonomy":"category","embeddable":true,"href":"https:\/\/vinasfm.com\/noticias\/wp-json\/wp\/v2\/categories?post=69847"},{"taxonomy":"post_tag","embeddable":true,"href":"https:\/\/vinasfm.com\/noticias\/wp-json\/wp\/v2\/tags?post=69847"}],"curies":[{"name":"wp","href":"https:\/\/api.w.org\/{rel}","templated":true}]}}