{"id":69829,"date":"2020-05-22T07:00:07","date_gmt":"2020-05-22T10:00:07","guid":{"rendered":"http:\/\/vinasfm.com\/noticias\/?p=69829"},"modified":"2020-05-22T12:21:59","modified_gmt":"2020-05-22T15:21:59","slug":"economia-capacitara-a-comerciantes-en-ventas-online","status":"publish","type":"post","link":"https:\/\/vinasfm.com\/noticias\/economia-capacitara-a-comerciantes-en-ventas-online\/","title":{"rendered":"ECONOM\u00cdA CAPACITAR\u00c1 A COMERCIANTES EN VENTAS ONLINE"},"content":{"rendered":"<h4><strong>\u201cComercio electr\u00f3nico: potenci\u00e1 tus ventas en tiempos de crisis\u201d es parte del Ciclo de Webinars impulsado por la UNCuyo y el IDC para mitigar el impacto econ\u00f3mico de la cuarentena. La charla estar\u00e1 disponible el s\u00e1bado 23 de mayo desde las 11, por el canal de Youtube de Se\u00f1al U Acad\u00e9mico.<\/strong><\/h4>\n<p>Para contrarrestar el impacto econ\u00f3mico generado por el avance de coronavirus, el Ministerio de Econom\u00eda y Energ\u00eda, a trav\u00e9s del Instituto de Desarrollo Comercial (IDC), invita a participar en un nuevo espacio de capacitaci\u00f3n orientado a peque\u00f1os y medianos comerciantes mendocinos.<\/p>\n<p>\u201cComercio electr\u00f3nico: potenci\u00e1 tus ventas en tiempos de crisis\u201d es parte del Ciclo de Webinars para el territorio sobre COVID-19, impulsado por las \u00e1reas de Desarrollo Territorial y de Egresados de la Universidad Nacional de Cuyo (UNCuyo).<\/p>\n<p>\u201cEste nuevo espacio permitir\u00e1 explorar factores clave para el \u00e9xito del comercio electr\u00f3nico y qu\u00e9 combinaci\u00f3n ser\u00e1 la m\u00e1s \u00f3ptima basada en el comportamiento del mercado mendocino\u201d, se\u00f1alaron desde la organizaci\u00f3n.<\/p>\n<p>El encuentro estar\u00e1 a cargo del director de la Regi\u00f3n Cuyo de la C\u00e1mara Argentina de Comercio Electr\u00f3nico (CACE), Gerardo Biondolillo, y de Sergio Santisteban y Manuel F. Marco, referentes de la tienda\u00a0<em>on-line<\/em>\u00a0Pravi.<\/p>\n<p>Adem\u00e1s, durante la exposici\u00f3n se contar\u00e1 con el testimonio de \u00e9xito de Daniel Cruz, un comerciante oriundo del Sur mendocino quien ya hace uso de las plataformas<em>\u00a0on-line<\/em>\u00a0disponibles actualmente.<\/p>\n<p>\u201cEste webinar ayudar\u00e1 a entender hallazgos sobre el consumidor regional basados en preferencias de compra en l\u00ednea de productos en funci\u00f3n de los cambios en estilos de vida, la penetraci\u00f3n de internet, la madurez del sector econ\u00f3mico local\u201d, concluyeron.<\/p>\n<h4><b>Sobre el ciclo<\/b><\/h4>\n<p>El Ciclo de Webinars para el territorio sobre COVID-19 consiste en un conjunto de conferencias digitales que abordan, desde diferentes disciplinas y enfoques, la problem\u00e1tica de la pandemia. Son elaboradas por destacados profesionales y egresados de la UNCuyo, agentes municipales y referentes de organizaciones.<\/p>\n<p>M\u00e1s informaci\u00f3n, al correo\u00a0<a href=\"mailto:desarrolloterritorial@uncu.edu.ar\" target=\"_blank\" rel=\"noopener noreferrer\">desarrolloterritorial@uncu.edu.ar.<\/a><\/p>\n<p>\u2022F.B.<\/p>\n","protected":false},"excerpt":{"rendered":"<p>\u201cComercio electr\u00f3nico: potenci\u00e1 tus ventas en tiempos de crisis\u201d es parte del Ciclo de Webinars impulsado por la UNCuyo y el &#8230;<\/p>\n","protected":false},"author":8,"featured_media":69830,"comment_status":"open","ping_status":"open","sticky":false,"template":"","format":"standard","meta":{"footnotes":""},"categories":[5,69],"tags":[],"class_list":["post-69829","post","type-post","status-publish","format-standard","has-post-thumbnail","hentry","category-actualidad","category-comercio"],"_links":{"self":[{"href":"https:\/\/vinasfm.com\/noticias\/wp-json\/wp\/v2\/posts\/69829","targetHints":{"allow":["GET"]}}],"collection":[{"href":"https:\/\/vinasfm.com\/noticias\/wp-json\/wp\/v2\/posts"}],"about":[{"href":"https:\/\/vinasfm.com\/noticias\/wp-json\/wp\/v2\/types\/post"}],"author":[{"embeddable":true,"href":"https:\/\/vinasfm.com\/noticias\/wp-json\/wp\/v2\/users\/8"}],"replies":[{"embeddable":true,"href":"https:\/\/vinasfm.com\/noticias\/wp-json\/wp\/v2\/comments?post=69829"}],"version-history":[{"count":1,"href":"https:\/\/vinasfm.com\/noticias\/wp-json\/wp\/v2\/posts\/69829\/revisions"}],"predecessor-version":[{"id":69831,"href":"https:\/\/vinasfm.com\/noticias\/wp-json\/wp\/v2\/posts\/69829\/revisions\/69831"}],"wp:featuredmedia":[{"embeddable":true,"href":"https:\/\/vinasfm.com\/noticias\/wp-json\/wp\/v2\/media\/69830"}],"wp:attachment":[{"href":"https:\/\/vinasfm.com\/noticias\/wp-json\/wp\/v2\/media?parent=69829"}],"wp:term":[{"taxonomy":"category","embeddable":true,"href":"https:\/\/vinasfm.com\/noticias\/wp-json\/wp\/v2\/categories?post=69829"},{"taxonomy":"post_tag","embeddable":true,"href":"https:\/\/vinasfm.com\/noticias\/wp-json\/wp\/v2\/tags?post=69829"}],"curies":[{"name":"wp","href":"https:\/\/api.w.org\/{rel}","templated":true}]}}