{"id":69822,"date":"2020-05-22T06:30:11","date_gmt":"2020-05-22T09:30:11","guid":{"rendered":"http:\/\/vinasfm.com\/noticias\/?p=69822"},"modified":"2020-05-23T09:41:50","modified_gmt":"2020-05-23T12:41:50","slug":"mendoza-rompio-la-racha-y-confirmo-un-nuevo-caso-positivo-procedente-de-chile","status":"publish","type":"post","link":"https:\/\/vinasfm.com\/noticias\/mendoza-rompio-la-racha-y-confirmo-un-nuevo-caso-positivo-procedente-de-chile\/","title":{"rendered":"MENDOZA ROMPI\u00d3 LA RACHA Y CONFIRM\u00d3 UN NUEVO CASO POSITIVO PROCEDENTE DE CHILE"},"content":{"rendered":"<h4><strong>Este jueves por la noche el\u00a0Ministerio de Salud\u00a0inform\u00f3 que\u00a0Mendoza\u00a0confirm\u00f3 un nuevo caso de\u00a0coronavirus. De esta manera, la provincia cuenta con 83 casos de COVID-19 en total.<\/strong><\/h4>\n<h4><strong>El nuevo caso<\/strong><\/h4>\n<p>Se trata de un hombre que est\u00e1 internado en el\u00a0<strong>Hospital Lencinas<\/strong>. Arrib\u00f3 a Mendoza el pasado 15 de mayo, procedente de Chile e inmediatamente el Estado provincial activ\u00f3 el protocolo.<\/p>\n<p>Una vez en tierra mendocina, el sujeto fue trasladado a un hotel c\u00e9ntrico para realizar el aislamiento correspondiente y de esta manera se evit\u00f3 que tenga contacto con otras personas por lo que no se propag\u00f3 el virus.<\/p>\n<p>De esta manera,\u00a0<strong>Mendoza<\/strong>\u00a0cuenta con 83 casos confirmados de coronavirus, de los cuales 42 son casos importados, 38 de ellos son por contacto estrecho con un infectado\u00a0y hay 3 en investigaci\u00f3n epidemiol\u00f3gica.<\/p>\n<p>Las personas que se han recuperado por la enfermedad son 62 mientras que\u00a0<strong>nueve personas perdieron la vida.<\/strong><\/p>\n<p>Es importante recordar que el Ministerio de Salud de Mendoza informa sobre todos los pacientes que ingresan al sistema sanitario p\u00fablico y privado de la provincia. En los casos en que un mendocino da positivo en otras jurisdicciones nacionales \u2013por estar estudiando en otra provincia, por vivir en otro lugar sin registrar el cambio de domicilio o por estar realizando un trabajo temporario\u2013, no ser\u00e1 registrado como caso confirmado en Mendoza.<\/p>\n<h5>\u2022<em>F.B.<\/em><\/h5>\n","protected":false},"excerpt":{"rendered":"<p>Este jueves por la noche el\u00a0Ministerio de Salud\u00a0inform\u00f3 que\u00a0Mendoza\u00a0confirm\u00f3 un nuevo caso de\u00a0coronavirus. De esta manera, la provincia cuenta con 83 &#8230;<\/p>\n","protected":false},"author":8,"featured_media":69823,"comment_status":"open","ping_status":"open","sticky":false,"template":"","format":"standard","meta":{"footnotes":""},"categories":[5,62],"tags":[],"class_list":["post-69822","post","type-post","status-publish","format-standard","has-post-thumbnail","hentry","category-actualidad","category-coronavirus"],"_links":{"self":[{"href":"https:\/\/vinasfm.com\/noticias\/wp-json\/wp\/v2\/posts\/69822","targetHints":{"allow":["GET"]}}],"collection":[{"href":"https:\/\/vinasfm.com\/noticias\/wp-json\/wp\/v2\/posts"}],"about":[{"href":"https:\/\/vinasfm.com\/noticias\/wp-json\/wp\/v2\/types\/post"}],"author":[{"embeddable":true,"href":"https:\/\/vinasfm.com\/noticias\/wp-json\/wp\/v2\/users\/8"}],"replies":[{"embeddable":true,"href":"https:\/\/vinasfm.com\/noticias\/wp-json\/wp\/v2\/comments?post=69822"}],"version-history":[{"count":1,"href":"https:\/\/vinasfm.com\/noticias\/wp-json\/wp\/v2\/posts\/69822\/revisions"}],"predecessor-version":[{"id":69824,"href":"https:\/\/vinasfm.com\/noticias\/wp-json\/wp\/v2\/posts\/69822\/revisions\/69824"}],"wp:featuredmedia":[{"embeddable":true,"href":"https:\/\/vinasfm.com\/noticias\/wp-json\/wp\/v2\/media\/69823"}],"wp:attachment":[{"href":"https:\/\/vinasfm.com\/noticias\/wp-json\/wp\/v2\/media?parent=69822"}],"wp:term":[{"taxonomy":"category","embeddable":true,"href":"https:\/\/vinasfm.com\/noticias\/wp-json\/wp\/v2\/categories?post=69822"},{"taxonomy":"post_tag","embeddable":true,"href":"https:\/\/vinasfm.com\/noticias\/wp-json\/wp\/v2\/tags?post=69822"}],"curies":[{"name":"wp","href":"https:\/\/api.w.org\/{rel}","templated":true}]}}