{"id":69803,"date":"2020-05-21T09:56:11","date_gmt":"2020-05-21T12:56:11","guid":{"rendered":"http:\/\/vinasfm.com\/noticias\/?p=69803"},"modified":"2020-05-22T12:22:42","modified_gmt":"2020-05-22T15:22:42","slug":"pronostico-jueves-frio-y-con-precipitaciones","status":"publish","type":"post","link":"https:\/\/vinasfm.com\/noticias\/pronostico-jueves-frio-y-con-precipitaciones\/","title":{"rendered":"PRON\u00d3STICO: JUEVES FR\u00cdO Y CON PRECIPITACIONES"},"content":{"rendered":"<h4><strong>El fr\u00edo lleg\u00f3 para quedarse a Mendoza. Para este jueves las condiciones meteorol\u00f3gicas no mejoran y la m\u00e1xima alcanzar\u00e1 s\u00f3lo los 10 grados.<\/strong><\/h4>\n<p>\u00abMayormente nublado y fr\u00edo con lluvias y lloviznas, descenso de la temperatura, vientos moderados del sector sur. Nevadas en cordillera. Neviscas en sectores de precordillera\u00bb anuncia la Direcci\u00f3n de Contingencias Clim\u00e1ticas.<\/p>\n<p>Sin embargo, estas condiciones podr\u00edan mejorar de cara al fin de semana, pero sin mucha variaci\u00f3n. Para el viernes se indica \u201cNubosidad en disminuci\u00f3n con ascenso de la temperatura, vientos leves del noreste. Heladas parciales. M\u00e1xima: 14\u00baC M\u00ednima: 2\u00baC\u201d.<\/p>\n<h5><strong><em>A.C.<\/em><\/strong><\/h5>\n","protected":false},"excerpt":{"rendered":"<p>El fr\u00edo lleg\u00f3 para quedarse a Mendoza. Para este jueves las condiciones meteorol\u00f3gicas no mejoran y la m\u00e1xima alcanzar\u00e1 s\u00f3lo los &#8230;<\/p>\n","protected":false},"author":7,"featured_media":51542,"comment_status":"open","ping_status":"open","sticky":false,"template":"","format":"standard","meta":{"footnotes":""},"categories":[1],"tags":[],"class_list":["post-69803","post","type-post","status-publish","format-standard","has-post-thumbnail","hentry","category-fmvinas"],"_links":{"self":[{"href":"https:\/\/vinasfm.com\/noticias\/wp-json\/wp\/v2\/posts\/69803","targetHints":{"allow":["GET"]}}],"collection":[{"href":"https:\/\/vinasfm.com\/noticias\/wp-json\/wp\/v2\/posts"}],"about":[{"href":"https:\/\/vinasfm.com\/noticias\/wp-json\/wp\/v2\/types\/post"}],"author":[{"embeddable":true,"href":"https:\/\/vinasfm.com\/noticias\/wp-json\/wp\/v2\/users\/7"}],"replies":[{"embeddable":true,"href":"https:\/\/vinasfm.com\/noticias\/wp-json\/wp\/v2\/comments?post=69803"}],"version-history":[{"count":1,"href":"https:\/\/vinasfm.com\/noticias\/wp-json\/wp\/v2\/posts\/69803\/revisions"}],"predecessor-version":[{"id":69807,"href":"https:\/\/vinasfm.com\/noticias\/wp-json\/wp\/v2\/posts\/69803\/revisions\/69807"}],"wp:featuredmedia":[{"embeddable":true,"href":"https:\/\/vinasfm.com\/noticias\/wp-json\/wp\/v2\/media\/51542"}],"wp:attachment":[{"href":"https:\/\/vinasfm.com\/noticias\/wp-json\/wp\/v2\/media?parent=69803"}],"wp:term":[{"taxonomy":"category","embeddable":true,"href":"https:\/\/vinasfm.com\/noticias\/wp-json\/wp\/v2\/categories?post=69803"},{"taxonomy":"post_tag","embeddable":true,"href":"https:\/\/vinasfm.com\/noticias\/wp-json\/wp\/v2\/tags?post=69803"}],"curies":[{"name":"wp","href":"https:\/\/api.w.org\/{rel}","templated":true}]}}