{"id":69801,"date":"2020-05-21T09:49:28","date_gmt":"2020-05-21T12:49:28","guid":{"rendered":"http:\/\/vinasfm.com\/noticias\/?p=69801"},"modified":"2020-05-22T12:22:47","modified_gmt":"2020-05-22T15:22:47","slug":"desde-anses-y-la-comuna-analizan-como-y-cuando-abrir-las-oficinas-para-atender-presencialmente","status":"publish","type":"post","link":"https:\/\/vinasfm.com\/noticias\/desde-anses-y-la-comuna-analizan-como-y-cuando-abrir-las-oficinas-para-atender-presencialmente\/","title":{"rendered":"DESDE ANSES Y LA COMUNA ANALIZAN C\u00d3MO Y CU\u00c1NDO ABRIR LAS OFICINAS PARA ATENDER PRESENCIALMENTE"},"content":{"rendered":"<h4><strong>En la ma\u00f1ana de este mi\u00e9rcoles, el Jefe Regional Cuyo de ANSES, Carlos Gallo, visit\u00f3 nuestro departamento donde mantuvo un encuentro con el Intendente Municipal y funcionarios de Desarrollo Humano.<\/strong><\/h4>\n<p>Se analiza de qu\u00e9 manera ANSES abrir\u00e1 de manera presencial en los pr\u00f3ximos d\u00edas y otras v\u00edas de atenci\u00f3n para que los vecinos puedan hacer los tr\u00e1mites, \u201c<em>es importante que ANSES siga brindando servicios\u201d<\/em> manifest\u00f3 el Secretario de Desarrollo Humano, Pablo Reyes.<\/p>\n<p>Por su parte desde la <strong>comuna pusieron a disposici\u00f3n algunas herramientas que se van a necesitar para que se cumplan todos los protocolos de ingreso, desinfectantes y otras medidas precautorias.<\/strong><\/p>\n<p><em>\u201cLa idea es recorrer cada una de las oficinas de ANSES y reunirnos con cada uno de los intendentes\u201d, <\/em>se\u00f1al\u00f3 Gallo.<\/p>\n<p>ANSES fue declarada como servicio esencial, sin embargo se continua atendiendo a puertas cerradas, pero funcionando de manera virtual. \u201c<strong><em>En una segunda etapa el plan es abrir las puertas con un sistema muy restringido<\/em><\/strong>\u201d, previo a coordinar con cada municipio y provincia.<\/p>\n<p><strong>EDIFICIO DE ANSES EN ALVEAR<\/strong><\/p>\n<p>El nuevo local de atenci\u00f3n est\u00e1 situado en\u00a0<strong>Paso de Los Andes 735<\/strong> con el doble de espacio para una mejor atenci\u00f3n y debido a la cuarentena no logr\u00f3 comenzar a brindar atenci\u00f3n a los miles de beneficiarios en este departamento.<\/p>\n<h5><strong><em>A.C.<\/em><\/strong><\/h5>\n","protected":false},"excerpt":{"rendered":"<p>En la ma\u00f1ana de este mi\u00e9rcoles, el Jefe Regional Cuyo de ANSES, Carlos Gallo, visit\u00f3 nuestro departamento donde mantuvo un encuentro &#8230;<\/p>\n","protected":false},"author":7,"featured_media":69810,"comment_status":"open","ping_status":"open","sticky":false,"template":"","format":"standard","meta":{"footnotes":""},"categories":[5,50],"tags":[],"class_list":["post-69801","post","type-post","status-publish","format-standard","has-post-thumbnail","hentry","category-actualidad","category-anses"],"_links":{"self":[{"href":"https:\/\/vinasfm.com\/noticias\/wp-json\/wp\/v2\/posts\/69801","targetHints":{"allow":["GET"]}}],"collection":[{"href":"https:\/\/vinasfm.com\/noticias\/wp-json\/wp\/v2\/posts"}],"about":[{"href":"https:\/\/vinasfm.com\/noticias\/wp-json\/wp\/v2\/types\/post"}],"author":[{"embeddable":true,"href":"https:\/\/vinasfm.com\/noticias\/wp-json\/wp\/v2\/users\/7"}],"replies":[{"embeddable":true,"href":"https:\/\/vinasfm.com\/noticias\/wp-json\/wp\/v2\/comments?post=69801"}],"version-history":[{"count":1,"href":"https:\/\/vinasfm.com\/noticias\/wp-json\/wp\/v2\/posts\/69801\/revisions"}],"predecessor-version":[{"id":69802,"href":"https:\/\/vinasfm.com\/noticias\/wp-json\/wp\/v2\/posts\/69801\/revisions\/69802"}],"wp:featuredmedia":[{"embeddable":true,"href":"https:\/\/vinasfm.com\/noticias\/wp-json\/wp\/v2\/media\/69810"}],"wp:attachment":[{"href":"https:\/\/vinasfm.com\/noticias\/wp-json\/wp\/v2\/media?parent=69801"}],"wp:term":[{"taxonomy":"category","embeddable":true,"href":"https:\/\/vinasfm.com\/noticias\/wp-json\/wp\/v2\/categories?post=69801"},{"taxonomy":"post_tag","embeddable":true,"href":"https:\/\/vinasfm.com\/noticias\/wp-json\/wp\/v2\/tags?post=69801"}],"curies":[{"name":"wp","href":"https:\/\/api.w.org\/{rel}","templated":true}]}}