{"id":69789,"date":"2020-05-21T00:06:36","date_gmt":"2020-05-21T03:06:36","guid":{"rendered":"http:\/\/vinasfm.com\/noticias\/?p=69789"},"modified":"2020-05-21T00:07:57","modified_gmt":"2020-05-21T03:07:57","slug":"dos-pacientes-le-ganaron-al-covid-19-en-mendoza-en-la-octava-jornada-sin-casos-positivos","status":"publish","type":"post","link":"https:\/\/vinasfm.com\/noticias\/dos-pacientes-le-ganaron-al-covid-19-en-mendoza-en-la-octava-jornada-sin-casos-positivos\/","title":{"rendered":"DOS PACIENTES LE GANARON AL COVID-19 EN MENDOZA EN LA OCTAVA JORNADA SIN CASOS POSITIVOS"},"content":{"rendered":"<h5><strong>Las muestras analizadas este mi\u00e9rcoles en Mendoza no arrojaron nuevos casos positivos para la provincia, por lo que el total de contagiados se mantiene en 82. En los distintos hospitales p\u00fablicos, permanecen 11 pacientes internados.\u00a0<\/strong><\/h5>\n<p>El Laboratorio de Salud P\u00fablica proces\u00f3 30 determinaciones y todas dieron resultado negativo.<\/p>\n<p>En esta racha sin positivos, <strong>dos pacientes fueron dados de alta<\/strong>.<\/p>\n<p>Uno de ellos es un <strong>hombre internado en Malarg\u00fce<\/strong>. Se trata del hermano del m\u00e9dico de Osep que hab\u00eda violado los protocolos rigurosos para ingresar al hospital regional de esa ciudad y ver a sus padres, contagiados de coronavirus. Esta persona logr\u00f3 recuperarse, luego de que su padre falleciera y su madre tambi\u00e9n fuera dada de alta.<\/p>\n<p>La <strong>otra paciente recuperada estaba internada en el Lencinas<\/strong>.<\/p>\n<p>De los 82 casos confirmados, 41 son importados, mientras que 38 de ellos fueron por contacto estrecho con alguien que vino de otro pa\u00eds o dio positivo de COVID-19. En las estad\u00edsticas, 3 pacientes quedaron bajo investigaci\u00f3n epidemiol\u00f3gica ya que no se confirm\u00f3 c\u00f3mo se contagiaron -aunque el tiempo prudencial, que es de siete d\u00edas, ya haya expirado.<\/p>\n<p><strong>La provincia tiene 62 personas recuperadas. Por otra parte, se han producido 9 fallecimientos por COVID-19 desde que se declar\u00f3 la pandemia<\/strong>.<\/p>\n<p>\u2022F.B.<\/p>\n","protected":false},"excerpt":{"rendered":"<p>Las muestras analizadas este mi\u00e9rcoles en Mendoza no arrojaron nuevos casos positivos para la provincia, por lo que el total de &#8230;<\/p>\n","protected":false},"author":8,"featured_media":4206,"comment_status":"open","ping_status":"open","sticky":false,"template":"","format":"standard","meta":{"footnotes":""},"categories":[5,62],"tags":[],"class_list":["post-69789","post","type-post","status-publish","format-standard","has-post-thumbnail","hentry","category-actualidad","category-coronavirus"],"_links":{"self":[{"href":"https:\/\/vinasfm.com\/noticias\/wp-json\/wp\/v2\/posts\/69789","targetHints":{"allow":["GET"]}}],"collection":[{"href":"https:\/\/vinasfm.com\/noticias\/wp-json\/wp\/v2\/posts"}],"about":[{"href":"https:\/\/vinasfm.com\/noticias\/wp-json\/wp\/v2\/types\/post"}],"author":[{"embeddable":true,"href":"https:\/\/vinasfm.com\/noticias\/wp-json\/wp\/v2\/users\/8"}],"replies":[{"embeddable":true,"href":"https:\/\/vinasfm.com\/noticias\/wp-json\/wp\/v2\/comments?post=69789"}],"version-history":[{"count":1,"href":"https:\/\/vinasfm.com\/noticias\/wp-json\/wp\/v2\/posts\/69789\/revisions"}],"predecessor-version":[{"id":69790,"href":"https:\/\/vinasfm.com\/noticias\/wp-json\/wp\/v2\/posts\/69789\/revisions\/69790"}],"wp:featuredmedia":[{"embeddable":true,"href":"https:\/\/vinasfm.com\/noticias\/wp-json\/wp\/v2\/media\/4206"}],"wp:attachment":[{"href":"https:\/\/vinasfm.com\/noticias\/wp-json\/wp\/v2\/media?parent=69789"}],"wp:term":[{"taxonomy":"category","embeddable":true,"href":"https:\/\/vinasfm.com\/noticias\/wp-json\/wp\/v2\/categories?post=69789"},{"taxonomy":"post_tag","embeddable":true,"href":"https:\/\/vinasfm.com\/noticias\/wp-json\/wp\/v2\/tags?post=69789"}],"curies":[{"name":"wp","href":"https:\/\/api.w.org\/{rel}","templated":true}]}}