{"id":69745,"date":"2020-05-21T22:00:21","date_gmt":"2020-05-22T01:00:21","guid":{"rendered":"http:\/\/vinasfm.com\/noticias\/?p=69745"},"modified":"2020-05-23T09:25:23","modified_gmt":"2020-05-23T12:25:23","slug":"los-conceptos-de-suarez-en-alvear-covid-19-portezuelo-y-relacion-con-la-nacion","status":"publish","type":"post","link":"https:\/\/vinasfm.com\/noticias\/los-conceptos-de-suarez-en-alvear-covid-19-portezuelo-y-relacion-con-la-nacion\/","title":{"rendered":"LOS CONCEPTOS DE SU\u00c1REZ EN ALVEAR SOBRE COVID-19, PORTEZUELO Y LA RELACI\u00d3N PROVINCIA-NACI\u00d3N"},"content":{"rendered":"<h4><strong>El gobernador Rodolfo Suarez recorri\u00f3 el avance de dos importantes obras en nuestro departamento y al ser interrogado por el periodismo local dialog\u00f3 sobre varios temas de relevancia actual.<\/strong><\/h4>\n<p>Consultado sobre un escenario post-COVID-19, el jefe del Ejecutivo provincial coment\u00f3: \u201cLa pelea contra el virus la damos cada uno de nosotros, pero tambi\u00e9n es un tema de la ciencia hasta que tengamos un remedio o una vacuna, es dif\u00edcil pensar un escenario post- pandemia. Cuando llegue ese momento, estaremos ante un mundo distinto y una forma diferente de relacionarnos y de trabajar en distintas \u00e1reas. El desaf\u00edo es generar empleo luego de esta etapa\u201d.<\/p>\n<p>A modo de anuncio, el Gobernador resalt\u00f3: \u201cMa\u00f1ana env\u00edo a la Legislatura el proyecto sobre el consejo econ\u00f3mico y social, que ser\u00e1 muy amplio, para que todos puedan participar y colaborar en el crecimiento provincial\u201d.<\/p>\n<p>Respecto de las personas varadas, Suarez dijo: \u201cEstamos trabajando en una pol\u00edtica muy estricta. El \u00e1rea de Turismo y Cultura esta abocada a trabajar en las repatriaciones, coordinando con embajadas y consulados. Una vez que llegan a la provincia, nos ocupamos de que hagan la cuarentena obligatoria en diversos hoteles\u201d.<\/p>\n<p><strong>Nuevos test<\/strong><\/p>\n<p>\u201cLa semana pasada adquirimos 21 mil test r\u00e1pidos, los estamos pagando con los aportes voluntarios de funcionarios y dem\u00e1s ciudadanos que hacen donaciones. Lo importante de esta herramienta es que nos permite saber en dos horas si la persona tiene carga viral. Estamos aumentando los test para poder ir tomando decisiones\u201d, agreg\u00f3 el mandatario.<\/p>\n<p><strong>Relaci\u00f3n con la Naci\u00f3n<\/strong><\/p>\n<p>Al respecto, Rodolfo Suarez subray\u00f3: \u201cTengo un estrecho contacto con los ministros nacionales para conseguir fuentes de financiamiento. Adem\u00e1s, renegociamos la deuda con el Banco Naci\u00f3n y nos dieron seis meses de gracia. A su vez, estamos negociando con los acreedores extranjeros para ver c\u00f3mo podemos resolver la deuda provincial. Nuestra agenda es variada y tratamos de atender todos los frentes\u201d.<\/p>\n<p><strong>Portezuelo del Viento<\/strong><\/p>\n<p>En referencia a la mega obra provincial, el Gobernador explic\u00f3: \u201cPortezuelo es una obra que sigue adelante. Hace nueve meses abrimos el proceso licitatorio para todas las empresas del mundo. Nadie cre\u00eda en esta obra, por eso, pocas estaban consultando. En base a eso, extendimos los plazos un tiempo m\u00e1s, para evacuar todas las dudas. Queremos que haya mucha competencia\u201d.<\/p>\n<p>\u201cQuiero dejar en claro que Portezuelo del Viento es una obra producto de todos los gobernadores que trabajaron en ella para que se nos compense por la p\u00e9rdida de la promoci\u00f3n industrial. Este dinero es para reparar el empleo mendocino, por ello hemos priorizado la mano de obra local. Pronto vamos a estar licitando y seguir avanzando\u201d, finaliz\u00f3 Suarez.<\/p>\n<p>Para cerrar, dej\u00f3 un mensaje a todos los ciudadanos: \u201cLos cuidados b\u00e1sicos son los m\u00e1s importantes: distanciamiento social, uso del barbijo, lavarse las manos, estornudar en el pliegue del codo. Esto en el mundo est\u00e1 dando resultados, como bien dice el Presidente, el virus no nos busca sino que nosotros lo buscamos a \u00e9l\u201d.<\/p>\n<p>\u2022F.B. (F.M. Vi\u00f1as).<\/p>\n","protected":false},"excerpt":{"rendered":"<p>El gobernador Rodolfo Suarez recorri\u00f3 el avance de dos importantes obras en nuestro departamento y al ser interrogado por el periodismo &#8230;<\/p>\n","protected":false},"author":8,"featured_media":69746,"comment_status":"open","ping_status":"open","sticky":false,"template":"","format":"standard","meta":{"footnotes":""},"categories":[5,10],"tags":[],"class_list":["post-69745","post","type-post","status-publish","format-standard","has-post-thumbnail","hentry","category-actualidad","category-destacadas"],"_links":{"self":[{"href":"https:\/\/vinasfm.com\/noticias\/wp-json\/wp\/v2\/posts\/69745","targetHints":{"allow":["GET"]}}],"collection":[{"href":"https:\/\/vinasfm.com\/noticias\/wp-json\/wp\/v2\/posts"}],"about":[{"href":"https:\/\/vinasfm.com\/noticias\/wp-json\/wp\/v2\/types\/post"}],"author":[{"embeddable":true,"href":"https:\/\/vinasfm.com\/noticias\/wp-json\/wp\/v2\/users\/8"}],"replies":[{"embeddable":true,"href":"https:\/\/vinasfm.com\/noticias\/wp-json\/wp\/v2\/comments?post=69745"}],"version-history":[{"count":1,"href":"https:\/\/vinasfm.com\/noticias\/wp-json\/wp\/v2\/posts\/69745\/revisions"}],"predecessor-version":[{"id":69786,"href":"https:\/\/vinasfm.com\/noticias\/wp-json\/wp\/v2\/posts\/69745\/revisions\/69786"}],"wp:featuredmedia":[{"embeddable":true,"href":"https:\/\/vinasfm.com\/noticias\/wp-json\/wp\/v2\/media\/69746"}],"wp:attachment":[{"href":"https:\/\/vinasfm.com\/noticias\/wp-json\/wp\/v2\/media?parent=69745"}],"wp:term":[{"taxonomy":"category","embeddable":true,"href":"https:\/\/vinasfm.com\/noticias\/wp-json\/wp\/v2\/categories?post=69745"},{"taxonomy":"post_tag","embeddable":true,"href":"https:\/\/vinasfm.com\/noticias\/wp-json\/wp\/v2\/tags?post=69745"}],"curies":[{"name":"wp","href":"https:\/\/api.w.org\/{rel}","templated":true}]}}