{"id":69736,"date":"2020-05-21T00:02:08","date_gmt":"2020-05-21T03:02:08","guid":{"rendered":"http:\/\/vinasfm.com\/noticias\/?p=69736"},"modified":"2020-05-22T12:23:52","modified_gmt":"2020-05-22T15:23:52","slug":"valle-de-las-lenas-no-abrira-esta-temporada-invernal-por-el-coronavirus","status":"publish","type":"post","link":"https:\/\/vinasfm.com\/noticias\/valle-de-las-lenas-no-abrira-esta-temporada-invernal-por-el-coronavirus\/","title":{"rendered":"VALLE DE LAS LE\u00d1AS NO ABRIR\u00c1 ESTA TEMPORADA INVERNAL POR EL CORONAVIRUS"},"content":{"rendered":"<h4><strong>El centro de deportes invernales del Valle de\u00a0Las Le\u00f1as, ubicado en el departamento de Malarg\u00fce, cuya villa cabecera se encuentra a 420 kil\u00f3metros al sur de la Ciudad de Mendoza, anunci\u00f3 oficialmente que\u00a0no proceder\u00e1 a su apertura en la pr\u00f3xima temporada invernal a causa del coronavirus.<\/strong><\/h4>\n<p>En un comunicado oficial de la empresa operadora del centro de deportes de invierno, informaron que la decisi\u00f3n se tom\u00f3 por \u00abrazones de fuerza mayor no imputables a la empresa\u00bb sino derivadas \u00abdel estado de emergencia sanitaria local, provincial y nacional a ra\u00edz de la pandemia de la Covid-19\u00bb.<\/p>\n<p>La situaci\u00f3n se agrava \u00ab<b>por la especiales caracter\u00edsticas del lugar de trabajo, que lo convierten en este contexto en zona de alto riesgo<\/b>\u00ab, agregaron. Por tal motivo, el centro de deportes invernales \u00abnotifica e informa que no est\u00e1n dadas las condiciones para la apertura de la temporada de invierno 2020, estando obligado a atender esta situaci\u00f3n con la mayor responsabilidad y en salvaguarda de sus trabajadores y p\u00fablico en general\u00bb.<\/p>\n<p><b>Floridor Gonz\u00e1lez<\/b>, presidente de la Asociaci\u00f3n Malarg\u00fcina de Turismo (Amatur), admiti\u00f3 en un charla con T\u00e9lam, que \u00abhoy hemos sido golpeados por esta noticia, que en gran parte la esper\u00e1bamos, aunque l\u00f3gicamente el anhelo era que no fuera as\u00ed, y\u00a0<b>esto significa otro rev\u00e9s econ\u00f3mico y nos afecta a todos los malarg\u00fcinos<\/b>, que en el invierno en gran medida somos ?le\u00f1a-dependientes'\u00bb.<\/p>\n<p>Y en ese sentido agreg\u00f3 que \u00abnos movemos alrededor del complejo\u00bb. Explic\u00f3 que \u00abhay que sumarle la cantidad de personal dependiente del Valle de las Le\u00f1as que va a estar ocioso, que son empleados temporales que no van a poder asistir a trabajar\u00bb.<\/p>\n<p>\u00abYo estuve hablando d\u00edas atr\u00e1s con\u00a0<b>Sebasti\u00e1n Otegui<\/b>, gerente comercial del Valle de Las Le\u00f1as, donde ten\u00edamos la secreta esperanza de poder trabajar con un radio de 800 kil\u00f3metros a la redonda del centro de esqu\u00ed, siempre y cuando las medidas se flexibilizaran, tanto desde naci\u00f3n como de la provincia\u00bb, precis\u00f3.<\/p>\n<p>\u00abPero esto no tiene miras de ocurrir y en consecuencia ser\u00eda un grave riesgo habilitar el centro, tal cual lo expresa la firma\u00bb, a\u00f1adi\u00f3.<\/p>\n<p>\u00ab<b>Es terriblemente nocivo para Malarg\u00fce<\/b>, donde tenemos cerrado todo el sector hotelero y gastron\u00f3mico desde el 15 de marzo, que es uno de los rubros que va a ser de los m\u00e1s perjudicados y que m\u00e1s va a tardar en ponerse en marcha nuevamente\u00bb, lament\u00f3 el dirigente de la c\u00e1mara tur\u00edstica del sur provincial.<\/p>\n<p>\u2022F.B.<\/p>\n","protected":false},"excerpt":{"rendered":"<p>El centro de deportes invernales del Valle de\u00a0Las Le\u00f1as, ubicado en el departamento de Malarg\u00fce, cuya villa cabecera se encuentra a &#8230;<\/p>\n","protected":false},"author":8,"featured_media":56127,"comment_status":"open","ping_status":"open","sticky":false,"template":"","format":"standard","meta":{"footnotes":""},"categories":[5,10],"tags":[],"class_list":["post-69736","post","type-post","status-publish","format-standard","has-post-thumbnail","hentry","category-actualidad","category-destacadas"],"_links":{"self":[{"href":"https:\/\/vinasfm.com\/noticias\/wp-json\/wp\/v2\/posts\/69736","targetHints":{"allow":["GET"]}}],"collection":[{"href":"https:\/\/vinasfm.com\/noticias\/wp-json\/wp\/v2\/posts"}],"about":[{"href":"https:\/\/vinasfm.com\/noticias\/wp-json\/wp\/v2\/types\/post"}],"author":[{"embeddable":true,"href":"https:\/\/vinasfm.com\/noticias\/wp-json\/wp\/v2\/users\/8"}],"replies":[{"embeddable":true,"href":"https:\/\/vinasfm.com\/noticias\/wp-json\/wp\/v2\/comments?post=69736"}],"version-history":[{"count":1,"href":"https:\/\/vinasfm.com\/noticias\/wp-json\/wp\/v2\/posts\/69736\/revisions"}],"predecessor-version":[{"id":69737,"href":"https:\/\/vinasfm.com\/noticias\/wp-json\/wp\/v2\/posts\/69736\/revisions\/69737"}],"wp:featuredmedia":[{"embeddable":true,"href":"https:\/\/vinasfm.com\/noticias\/wp-json\/wp\/v2\/media\/56127"}],"wp:attachment":[{"href":"https:\/\/vinasfm.com\/noticias\/wp-json\/wp\/v2\/media?parent=69736"}],"wp:term":[{"taxonomy":"category","embeddable":true,"href":"https:\/\/vinasfm.com\/noticias\/wp-json\/wp\/v2\/categories?post=69736"},{"taxonomy":"post_tag","embeddable":true,"href":"https:\/\/vinasfm.com\/noticias\/wp-json\/wp\/v2\/tags?post=69736"}],"curies":[{"name":"wp","href":"https:\/\/api.w.org\/{rel}","templated":true}]}}