{"id":69692,"date":"2020-05-19T12:00:38","date_gmt":"2020-05-19T15:00:38","guid":{"rendered":"http:\/\/vinasfm.com\/noticias\/?p=69692"},"modified":"2020-05-21T00:22:35","modified_gmt":"2020-05-21T03:22:35","slug":"la-direccion-de-inspeccion-despejo-dudas-sobre-la-publicacion-de-un-club-local-en-torno-a-los-protocolos","status":"publish","type":"post","link":"https:\/\/vinasfm.com\/noticias\/la-direccion-de-inspeccion-despejo-dudas-sobre-la-publicacion-de-un-club-local-en-torno-a-los-protocolos\/","title":{"rendered":"LA DIRECCI\u00d3N DE INSPECCI\u00d3N DESPEJ\u00d3 DUDAS SOBRE LA PUBLICACI\u00d3N DE UN CLUB LOCAL EN TORNO A LOS PROTOCOLOS"},"content":{"rendered":"<h5><strong>En la ma\u00f1ana de este martes, debido a una publicaci\u00f3n que realiz\u00f3 la Comisi\u00f3n Directiva de un Club local en su cuenta de Facebook donde informaba la disposici\u00f3n del predio para realizar actividad que coincid\u00edan con los protocolos emanados por el Gobierno.<\/strong><\/h5>\n<p>El comunicado rezaba \u201c<em>se permitir\u00e1 el ingreso de socios al club, a partir del d\u00eda 19 de mayo de 2020, dentro del horario establecido y que es de p\u00fablico conocimiento, pudiendo hacerlo en compa\u00f1\u00eda del grupo familiar afiliado al mismo. Para ello, se tendr\u00e1 en cuenta los d\u00edas establecidos de acuerdo al documento de identidad de cada persona\u2026<\/em> <em>los mismos, podr\u00e1n disfrutar de caminatas, juegos individuales, tomar mate, o refrigerios, uso de bicicleta y otras actividades al aire libre, comprendiendo al grupo familiar primario y respetando en todo momento las normas vigentes establecidas a nivel municipal, provincial y nacional<\/em>\u201d.<\/p>\n<h5><strong><em>Ver: <a href=\"http:\/\/vinasfm.com\/noticias\/suarez-habilito-actividades-sociales-y-comerciales-bajo-estricto-protocolo-de-prevencion\/\">http:\/\/vinasfm.com\/noticias\/suarez-habilito-actividades-sociales-y-comerciales-bajo-estricto-protocolo-de-prevencion\/<\/a><\/em><\/strong><\/h5>\n<p>Para evitar confusiones en la interpretaci\u00f3n del Decreto que permite la realizaci\u00f3n de running, andar en bicicleta (5km) y realizar actividad f\u00edsica, el <strong>Director de Inspecci\u00f3n General de General Alvear<\/strong>, <strong>Ing. Hugo Molina<\/strong>, expres\u00f3 a trav\u00e9s de <strong>F.M. Vi\u00f1as<\/strong>: \u201c<strong><em>Se est\u00e1 analizando ya que esta semana los intendentes le solicitan al Gobernador y ese pedido se cursa a Naci\u00f3n, para que la provincia sea habilitada para diferentes flexibilizaciones<\/em><\/strong>\u201d.<\/p>\n<p><em>\u201c<strong>Por el momento no est\u00e1 habilitado nada fuera de lo que estipulen los protocolos por ende se acord\u00f3 con la Comisi\u00f3n y dieron de baja a esa publicaci\u00f3n<\/strong> que por all\u00ed generaba confusi\u00f3n y surge esto a raiz de la incorrecta interpretaci\u00f3n de las normativas vigentes. <strong>No fue a prop\u00f3sito simplemente se dio una confusi\u00f3n<\/strong>. <strong>Cualquier cambio va a ser comunicado<\/strong><\/em>\u201d, sostuvo Molina.<\/p>\n<h5><em>F.B. (F.M. Vi\u00f1as).<\/em><\/h5>\n<p>&nbsp;<\/p>\n","protected":false},"excerpt":{"rendered":"<p>En la ma\u00f1ana de este martes, debido a una publicaci\u00f3n que realiz\u00f3 la Comisi\u00f3n Directiva de un Club local en su &#8230;<\/p>\n","protected":false},"author":8,"featured_media":66250,"comment_status":"open","ping_status":"open","sticky":false,"template":"","format":"standard","meta":{"footnotes":""},"categories":[5,10],"tags":[],"class_list":["post-69692","post","type-post","status-publish","format-standard","has-post-thumbnail","hentry","category-actualidad","category-destacadas"],"_links":{"self":[{"href":"https:\/\/vinasfm.com\/noticias\/wp-json\/wp\/v2\/posts\/69692","targetHints":{"allow":["GET"]}}],"collection":[{"href":"https:\/\/vinasfm.com\/noticias\/wp-json\/wp\/v2\/posts"}],"about":[{"href":"https:\/\/vinasfm.com\/noticias\/wp-json\/wp\/v2\/types\/post"}],"author":[{"embeddable":true,"href":"https:\/\/vinasfm.com\/noticias\/wp-json\/wp\/v2\/users\/8"}],"replies":[{"embeddable":true,"href":"https:\/\/vinasfm.com\/noticias\/wp-json\/wp\/v2\/comments?post=69692"}],"version-history":[{"count":1,"href":"https:\/\/vinasfm.com\/noticias\/wp-json\/wp\/v2\/posts\/69692\/revisions"}],"predecessor-version":[{"id":69694,"href":"https:\/\/vinasfm.com\/noticias\/wp-json\/wp\/v2\/posts\/69692\/revisions\/69694"}],"wp:featuredmedia":[{"embeddable":true,"href":"https:\/\/vinasfm.com\/noticias\/wp-json\/wp\/v2\/media\/66250"}],"wp:attachment":[{"href":"https:\/\/vinasfm.com\/noticias\/wp-json\/wp\/v2\/media?parent=69692"}],"wp:term":[{"taxonomy":"category","embeddable":true,"href":"https:\/\/vinasfm.com\/noticias\/wp-json\/wp\/v2\/categories?post=69692"},{"taxonomy":"post_tag","embeddable":true,"href":"https:\/\/vinasfm.com\/noticias\/wp-json\/wp\/v2\/tags?post=69692"}],"curies":[{"name":"wp","href":"https:\/\/api.w.org\/{rel}","templated":true}]}}