{"id":69677,"date":"2020-05-19T10:24:36","date_gmt":"2020-05-19T13:24:36","guid":{"rendered":"http:\/\/vinasfm.com\/noticias\/?p=69677"},"modified":"2020-05-19T11:39:26","modified_gmt":"2020-05-19T14:39:26","slug":"habilitar-las-reuniones-familiares-es-el-proximo-objetivo-del-gobierno","status":"publish","type":"post","link":"https:\/\/vinasfm.com\/noticias\/habilitar-las-reuniones-familiares-es-el-proximo-objetivo-del-gobierno\/","title":{"rendered":"HABILITAR LAS REUNIONES FAMILIARES ES EL PR\u00d3XIMO OBJETIVO DEL GOBIERNO"},"content":{"rendered":"<p><strong>El control de la situaci\u00f3n epidemiol\u00f3gica le ha permitido al gobernador Rodolfo Suarez avanzar m\u00e1s r\u00e1pido hacia \u201cla nueva normalidad\u201d. Luego de habilitar la actividad f\u00edsica, la Provincia prepara el anuncio del regreso de las reuniones familiares de hasta 10 personas para la semana pr\u00f3xima.\u00a0<\/strong><\/p>\n<p>Las habituales reuniones familiares, muy comunes en nuestro pa\u00eds y sobre todo en la regi\u00f3n que habitamos, fueron una las actividades que quedaron prohibidas desde el 20 de marzo, cuando el presidente Alberto Fern\u00e1ndez \u2013ante el avance del coronavirus\u2013 estableci\u00f3 el aislamiento social, preventivo y obligatorio.<\/p>\n<p>Como ha sucedido en otras provincias (San Luis y La Pampa), en Mendoza esa t\u00edpica costumbre podr\u00eda retornar desde el pr\u00f3ximo lunes, justo para el feriado del 25 de Mayo.<\/p>\n<p>El control de la situaci\u00f3n epidemiol\u00f3gica le ha permitido al gobernador Rodolfo Suarez avanzar m\u00e1s r\u00e1pido hacia \u201cla nueva normalidad\u201d que tendremos en la fase 5 de la cuarentena por el Covid-19. Luego de habilitar la actividad f\u00edsica (trote y bicicleta con fines recreativos), el mandatario \u2013y su equipo de asesores\u2013 prepara el anuncio del regreso de las reuniones familiares de hasta 10 personas para la semana pr\u00f3xima.<\/p>\n<p>En su decreto inicial de cuarentena obligatoria, el Gobierno nacional y conjuntamente los provinciales prohibieron todo tipo de reuni\u00f3n social, lo que incluy\u00f3 a los encuentros familiares. De ese modo, han pasado dos meses del confinamiento y durante ese per\u00edodo la mayor\u00eda de las personas han permanecido encerradas en sus casas o bien salieron para cumplir con actividades laborales, en caso de estar exceptuadas, o realizar compras de primera necesidad.<\/p>\n<p>\u201cNo vi nunca m\u00e1s a mis padres ni a mis hermanos\u201d, es una frase recurrente que por estas horas se lee en las redes sociales, escrita por usuarios que apoyan el posible regreso de los encuentros familiares. Si bien no es oficial, se prev\u00e9 que las reuniones ser\u00e1n permitidas durante los fines de semana, en casas particulares, y no podr\u00e1n exceder de m\u00e1s de 10 personas.<\/p>\n<p>Suarez contempla, en sus decisiones, que el Gobierno nacional \u2013en la fase 4 de cuarentena que habilit\u00f3 para todo el pa\u00eds, excepto para el \u00c1rea Metropolitana de Buenos Aires\u2013 permite un movimiento de personas de hasta el 75% en relaci\u00f3n al tr\u00e1nsito habitual.<\/p>\n<p>No hubo precisiones, al menos hasta ayer, respecto a si los grupos de riesgo est\u00e1n incluidos o no dentro de quienes pueden realizar las visitas familiares, detalle no menor y que seguro es tenido en cuenta por el Gobierno.<\/p>\n<p><strong>San Luis y La Pampa hacen punta en la flexibilizaci\u00f3n<\/strong><br \/>\nEn las vecinas provincias de San Luis y La Pampa, donde son pocos los casos confirmados de Covid-19, el domingo \u00faltimo habilitaron las reuniones familiares.<\/p>\n<p>El Gobierno pampeano inform\u00f3 ayer que \u2013de no haber nuevos contagios\u2013 en 14 d\u00edas permitir\u00e1n otro \u201cd\u00eda de reencuentro\u201d para promover nuevamente los encuentros familiares.<\/p>\n<p>Se trata de dos provincias con una situaci\u00f3n epidemiol\u00f3gica establece y con muy pocos casos: 5 en La Pampa y 11 en San Luis, y sin fallecimientos en ambos lugares.<\/p>\n<h5><strong><em>Fuente: Diario San Rafael \/ A.C.<\/em><\/strong><\/h5>\n","protected":false},"excerpt":{"rendered":"<p>El control de la situaci\u00f3n epidemiol\u00f3gica le ha permitido al gobernador Rodolfo Suarez avanzar m\u00e1s r\u00e1pido hacia \u201cla nueva normalidad\u201d. Luego &#8230;<\/p>\n","protected":false},"author":7,"featured_media":69680,"comment_status":"open","ping_status":"open","sticky":false,"template":"","format":"standard","meta":{"footnotes":""},"categories":[5,72],"tags":[],"class_list":["post-69677","post","type-post","status-publish","format-standard","has-post-thumbnail","hentry","category-actualidad","category-cuarentena"],"_links":{"self":[{"href":"https:\/\/vinasfm.com\/noticias\/wp-json\/wp\/v2\/posts\/69677","targetHints":{"allow":["GET"]}}],"collection":[{"href":"https:\/\/vinasfm.com\/noticias\/wp-json\/wp\/v2\/posts"}],"about":[{"href":"https:\/\/vinasfm.com\/noticias\/wp-json\/wp\/v2\/types\/post"}],"author":[{"embeddable":true,"href":"https:\/\/vinasfm.com\/noticias\/wp-json\/wp\/v2\/users\/7"}],"replies":[{"embeddable":true,"href":"https:\/\/vinasfm.com\/noticias\/wp-json\/wp\/v2\/comments?post=69677"}],"version-history":[{"count":1,"href":"https:\/\/vinasfm.com\/noticias\/wp-json\/wp\/v2\/posts\/69677\/revisions"}],"predecessor-version":[{"id":69681,"href":"https:\/\/vinasfm.com\/noticias\/wp-json\/wp\/v2\/posts\/69677\/revisions\/69681"}],"wp:featuredmedia":[{"embeddable":true,"href":"https:\/\/vinasfm.com\/noticias\/wp-json\/wp\/v2\/media\/69680"}],"wp:attachment":[{"href":"https:\/\/vinasfm.com\/noticias\/wp-json\/wp\/v2\/media?parent=69677"}],"wp:term":[{"taxonomy":"category","embeddable":true,"href":"https:\/\/vinasfm.com\/noticias\/wp-json\/wp\/v2\/categories?post=69677"},{"taxonomy":"post_tag","embeddable":true,"href":"https:\/\/vinasfm.com\/noticias\/wp-json\/wp\/v2\/tags?post=69677"}],"curies":[{"name":"wp","href":"https:\/\/api.w.org\/{rel}","templated":true}]}}