{"id":69664,"date":"2020-05-19T15:30:51","date_gmt":"2020-05-19T18:30:51","guid":{"rendered":"http:\/\/vinasfm.com\/noticias\/?p=69664"},"modified":"2020-05-20T13:56:38","modified_gmt":"2020-05-20T16:56:38","slug":"alvear-continua-con-la-instrumentacion-de-programas-de-asistencia-e-inclusion-social","status":"publish","type":"post","link":"https:\/\/vinasfm.com\/noticias\/alvear-continua-con-la-instrumentacion-de-programas-de-asistencia-e-inclusion-social\/","title":{"rendered":"ALVEAR CONTIN\u00daA CON LA INSTRUMENTACI\u00d3N DE PROGRAMAS DE ASISTENCIA E INCLUSI\u00d3N SOCIAL"},"content":{"rendered":"<h4><strong>En medio de la cuarentena, que poco a poco comienza a flexibilizarse, los programas de asistencia han sido claves para mitigar la desesperante situaci\u00f3n de muchas familias alvearenses. <\/strong><\/h4>\n<p>En di\u00e1logo con <strong><em>F.M. Vi\u00f1as<\/em><\/strong>, el <strong>Secretario de Desarrollo Humano Pablo Reyes<\/strong> se refiri\u00f3 al programa <strong><em>garrafa a precio subsidiado por el municipio: \u201c<\/em><\/strong><em>Est\u00e1 pensado que contin\u00fae durante el invierno. A esta altura del a\u00f1o hemos entregado m\u00e1s de 6000 garrafas pero sabemos que en los pr\u00f3ximos meses el n\u00famero aumente considerablemente<\/em>\u201d.<\/p>\n<p>Asimismo, Reyes afirm\u00f3 que \u201c<em>es una de las prioridades con la intenci\u00f3n de seguir garantiz\u00e1ndoles a los vecinos la entrega del mismo<\/em>\u201d, y al ser consultado por el costo para erario municipal, subray\u00f3: \u201c<em>Hemos tenido que reacomodar los objetivos y las prioridades por lo cual los esfuerzo que tengamos que hacer lo haremos para que esta herramienta contin\u00fae instrument\u00e1ndose\u201d.<\/em><\/p>\n<p>La Municipalidad apunta a que cada vez m\u00e1s vecinos sean beneficiados por este programa extendi\u00e9ndose a diferentes puntos del departamento: \u201c<em>Hay d\u00edas en que estamos en dos lugares pero nos ha permitido que m\u00e1s vecinos accedan a un lugar m\u00e1s cercano para buscar la garrafa\u201d, <\/em>continu\u00f3.<\/p>\n<p>En otro orden, el funcionario destac\u00f3 que junto con el \u00c1rea de Discapacidad y la Direcci\u00f3n de Familia trabajan en un <strong>proyecto que busca llegar a las personas con distintos tipos de discapacidad<\/strong>: \u201c<em>La idea es seguir incluyendo con importantes actividades. Primero se hizo la entrega de cuadernillos y se ha visitado a cada uno. Ahora, proponemos actividad f\u00edsica de manera individual por lo que un profe va y hace una hora de gimnasia con ellos cuidando el protocolo de prevenci\u00f3n<\/em>\u201d, sostuvo.<\/p>\n<p>Sobre el <strong>Programa de Salud Infantil<\/strong> resalt\u00f3: \u201c<em>el equipo comenz\u00f3 a convocar a los chicos de a uno porque todos los programas de salud no pueden tener interrupci\u00f3n. Hemos tenido que reinventar nuestras pr\u00e1cticas diarias en cada una de las \u00e1reas y programas repensando la forma de llegar a nuestros vecinos\u201d.<\/em><\/p>\n<p>Finalmente, el Secretario profundiz\u00f3: \u201c<em>Hemos visto la asistencia que en algunos casos ha llegado desde el Gobierno Nacional y ha permitido que con esos mismos recursos podamos asistir a otras familias. En este momento hemos tenido que asistir, junto a diferentes \u00e1reas, y planificar formas de abordaje que de repente no estaba incluida en ninguno de los programas nacionales y provinciales\u201d.<\/em><\/p>\n<h5><em>\u2022F.B (F.M. Vi\u00f1as).<\/em><\/h5>\n","protected":false},"excerpt":{"rendered":"<p>En medio de la cuarentena, que poco a poco comienza a flexibilizarse, los programas de asistencia han sido claves para mitigar &#8230;<\/p>\n","protected":false},"author":8,"featured_media":21241,"comment_status":"open","ping_status":"open","sticky":false,"template":"","format":"standard","meta":{"footnotes":""},"categories":[5,31],"tags":[],"class_list":["post-69664","post","type-post","status-publish","format-standard","has-post-thumbnail","hentry","category-actualidad","category-desarrollo-social"],"_links":{"self":[{"href":"https:\/\/vinasfm.com\/noticias\/wp-json\/wp\/v2\/posts\/69664","targetHints":{"allow":["GET"]}}],"collection":[{"href":"https:\/\/vinasfm.com\/noticias\/wp-json\/wp\/v2\/posts"}],"about":[{"href":"https:\/\/vinasfm.com\/noticias\/wp-json\/wp\/v2\/types\/post"}],"author":[{"embeddable":true,"href":"https:\/\/vinasfm.com\/noticias\/wp-json\/wp\/v2\/users\/8"}],"replies":[{"embeddable":true,"href":"https:\/\/vinasfm.com\/noticias\/wp-json\/wp\/v2\/comments?post=69664"}],"version-history":[{"count":2,"href":"https:\/\/vinasfm.com\/noticias\/wp-json\/wp\/v2\/posts\/69664\/revisions"}],"predecessor-version":[{"id":69734,"href":"https:\/\/vinasfm.com\/noticias\/wp-json\/wp\/v2\/posts\/69664\/revisions\/69734"}],"wp:featuredmedia":[{"embeddable":true,"href":"https:\/\/vinasfm.com\/noticias\/wp-json\/wp\/v2\/media\/21241"}],"wp:attachment":[{"href":"https:\/\/vinasfm.com\/noticias\/wp-json\/wp\/v2\/media?parent=69664"}],"wp:term":[{"taxonomy":"category","embeddable":true,"href":"https:\/\/vinasfm.com\/noticias\/wp-json\/wp\/v2\/categories?post=69664"},{"taxonomy":"post_tag","embeddable":true,"href":"https:\/\/vinasfm.com\/noticias\/wp-json\/wp\/v2\/tags?post=69664"}],"curies":[{"name":"wp","href":"https:\/\/api.w.org\/{rel}","templated":true}]}}