{"id":69578,"date":"2020-05-18T07:30:09","date_gmt":"2020-05-18T10:30:09","guid":{"rendered":"http:\/\/vinasfm.com\/noticias\/?p=69578"},"modified":"2020-05-18T12:04:58","modified_gmt":"2020-05-18T15:04:58","slug":"bomberos-voluntarios-de-bowen-trabajaron-en-la-extincion-de-un-incendio-en-calles-26-y-e","status":"publish","type":"post","link":"https:\/\/vinasfm.com\/noticias\/bomberos-voluntarios-de-bowen-trabajaron-en-la-extincion-de-un-incendio-en-calles-26-y-e\/","title":{"rendered":"BOMBEROS VOLUNTARIOS DE BOWEN TRABAJARON EN LA EXTINCI\u00d3N DE UN INCENDIO EN CALLES 26 Y &#8216;E&#8217;"},"content":{"rendered":"<h4><strong>En horas de la noche de este domingo, Bomberos Voluntarios de Bowen trabaj\u00f3 arduamente para sofocar un incendio en inmediaciones de calle 26 y E, Bowen.<\/strong><\/h4>\n<p>Cerca de las 20:22hs, ingres\u00f3 un llamado\u00a0 al n\u00famero de guardia (2625-518819) del cuerpo alertando sobre un incendio de malezas en calle 26 y E por lo que r\u00e1pidamente acudieron al lugar.<\/p>\n<p>Contra las intensas llamas combati\u00f3 una dotaci\u00f3n de bomberos con m\u00f3vil 2 (ataque directo) con 4 efectivos. Se trabaj\u00f3 para controlar la situaci\u00f3n con mochilas.<\/p>\n<p>Luego de poder extinguir el foco \u00edgneo; el personal retorn\u00f3 al cuartel, d\u00f3nde se reacondicionaron los materiales utilizados y se realizaron las desinfecciones correspondientes.<\/p>\n<h5>\u2022<em>F.B. (F.M. Vi\u00f1as).<\/em><\/h5>\n","protected":false},"excerpt":{"rendered":"<p>En horas de la noche de este domingo, Bomberos Voluntarios de Bowen trabaj\u00f3 arduamente para sofocar un incendio en inmediaciones de &#8230;<\/p>\n","protected":false},"author":8,"featured_media":69579,"comment_status":"open","ping_status":"open","sticky":false,"template":"","format":"standard","meta":{"footnotes":""},"categories":[5,76],"tags":[],"class_list":["post-69578","post","type-post","status-publish","format-standard","has-post-thumbnail","hentry","category-actualidad","category-bomberos"],"_links":{"self":[{"href":"https:\/\/vinasfm.com\/noticias\/wp-json\/wp\/v2\/posts\/69578","targetHints":{"allow":["GET"]}}],"collection":[{"href":"https:\/\/vinasfm.com\/noticias\/wp-json\/wp\/v2\/posts"}],"about":[{"href":"https:\/\/vinasfm.com\/noticias\/wp-json\/wp\/v2\/types\/post"}],"author":[{"embeddable":true,"href":"https:\/\/vinasfm.com\/noticias\/wp-json\/wp\/v2\/users\/8"}],"replies":[{"embeddable":true,"href":"https:\/\/vinasfm.com\/noticias\/wp-json\/wp\/v2\/comments?post=69578"}],"version-history":[{"count":1,"href":"https:\/\/vinasfm.com\/noticias\/wp-json\/wp\/v2\/posts\/69578\/revisions"}],"predecessor-version":[{"id":69580,"href":"https:\/\/vinasfm.com\/noticias\/wp-json\/wp\/v2\/posts\/69578\/revisions\/69580"}],"wp:featuredmedia":[{"embeddable":true,"href":"https:\/\/vinasfm.com\/noticias\/wp-json\/wp\/v2\/media\/69579"}],"wp:attachment":[{"href":"https:\/\/vinasfm.com\/noticias\/wp-json\/wp\/v2\/media?parent=69578"}],"wp:term":[{"taxonomy":"category","embeddable":true,"href":"https:\/\/vinasfm.com\/noticias\/wp-json\/wp\/v2\/categories?post=69578"},{"taxonomy":"post_tag","embeddable":true,"href":"https:\/\/vinasfm.com\/noticias\/wp-json\/wp\/v2\/tags?post=69578"}],"curies":[{"name":"wp","href":"https:\/\/api.w.org\/{rel}","templated":true}]}}