{"id":69548,"date":"2020-05-16T15:00:06","date_gmt":"2020-05-16T18:00:06","guid":{"rendered":"http:\/\/vinasfm.com\/noticias\/?p=69548"},"modified":"2020-05-18T09:08:54","modified_gmt":"2020-05-18T12:08:54","slug":"arduo-trabajo-de-bomberos-para-extinguir-el-fuerte-incendio-que-afecto-una-vivienda-de-ruta-143-norte","status":"publish","type":"post","link":"https:\/\/vinasfm.com\/noticias\/arduo-trabajo-de-bomberos-para-extinguir-el-fuerte-incendio-que-afecto-una-vivienda-de-ruta-143-norte\/","title":{"rendered":"ARDUO TRABAJO DE BOMBEROS PARA EXTINGUIR EL FUERTE INCENDIO QUE AFECT\u00d3 UNA VIVIENDA DE RUTA 143 NORTE"},"content":{"rendered":"<h4><strong>Durante la madrugada de este s\u00e1bado una propiedad ubicada en Ruta 143 Norte 282, contigua a la Estaci\u00f3n de Servicio, fue afectada por las llamas de un voraz incendio que se desat\u00f3 pasada la medianoche.<\/strong><\/h4>\n<p>Cerca de la <strong>1:50h de este s\u00e1bado<\/strong>, a trav\u00e9s del 911 el damnificado, de apellido <em>Poblete<\/em> (<em>43<\/em>), comunic\u00f3 lo sucedido por lo que el <strong>m\u00f3vil 1854 de Bomberos<\/strong> se desplaz\u00f3 hasta el escenario del siniestro. Al arribar corroboraron que se trataba de una vivienda particular.<\/p>\n<p>Luego de <strong>casi una hora y media de arduo trabajo<\/strong>, en el que <strong>se utiliz\u00f3 l\u00ednea de alta presi\u00f3n y elementos menores<\/strong>, <strong>lograron extinguir el fuego en su totalidad<\/strong>.<\/p>\n<p>Junto con personal de Comisar\u00eda 14\u00aa realizaron las medidas de rigor y analizando el resultado, comunicaron que el fuego hab\u00eda afectado <strong>un quincho lavander\u00eda, un placar, lavarropas, cocina, mesa <\/strong>y<strong> banquitos de maderas<\/strong>, entre otras pertenencias.<\/p>\n<p>A ra\u00edz de este suceso, en la seccional local, se labraron actuaciones en \u201c<em>averiguaci\u00f3n incendio<\/em>\u201d bajo instrucci\u00f3n de la Unidad Fiscal de Gral. Alvear.<\/p>\n<h5><em>F.B. (F.M. Vi\u00f1as).<\/em><\/h5>\n<h5><\/h5>\n","protected":false},"excerpt":{"rendered":"<p>Durante la madrugada de este s\u00e1bado una propiedad ubicada en Ruta 143 Norte 282, contigua a la Estaci\u00f3n de Servicio, fue &#8230;<\/p>\n","protected":false},"author":8,"featured_media":23672,"comment_status":"open","ping_status":"open","sticky":false,"template":"","format":"standard","meta":{"footnotes":""},"categories":[5,76],"tags":[],"class_list":["post-69548","post","type-post","status-publish","format-standard","has-post-thumbnail","hentry","category-actualidad","category-bomberos"],"_links":{"self":[{"href":"https:\/\/vinasfm.com\/noticias\/wp-json\/wp\/v2\/posts\/69548","targetHints":{"allow":["GET"]}}],"collection":[{"href":"https:\/\/vinasfm.com\/noticias\/wp-json\/wp\/v2\/posts"}],"about":[{"href":"https:\/\/vinasfm.com\/noticias\/wp-json\/wp\/v2\/types\/post"}],"author":[{"embeddable":true,"href":"https:\/\/vinasfm.com\/noticias\/wp-json\/wp\/v2\/users\/8"}],"replies":[{"embeddable":true,"href":"https:\/\/vinasfm.com\/noticias\/wp-json\/wp\/v2\/comments?post=69548"}],"version-history":[{"count":1,"href":"https:\/\/vinasfm.com\/noticias\/wp-json\/wp\/v2\/posts\/69548\/revisions"}],"predecessor-version":[{"id":69555,"href":"https:\/\/vinasfm.com\/noticias\/wp-json\/wp\/v2\/posts\/69548\/revisions\/69555"}],"wp:featuredmedia":[{"embeddable":true,"href":"https:\/\/vinasfm.com\/noticias\/wp-json\/wp\/v2\/media\/23672"}],"wp:attachment":[{"href":"https:\/\/vinasfm.com\/noticias\/wp-json\/wp\/v2\/media?parent=69548"}],"wp:term":[{"taxonomy":"category","embeddable":true,"href":"https:\/\/vinasfm.com\/noticias\/wp-json\/wp\/v2\/categories?post=69548"},{"taxonomy":"post_tag","embeddable":true,"href":"https:\/\/vinasfm.com\/noticias\/wp-json\/wp\/v2\/tags?post=69548"}],"curies":[{"name":"wp","href":"https:\/\/api.w.org\/{rel}","templated":true}]}}