{"id":69241,"date":"2020-05-12T00:10:48","date_gmt":"2020-05-12T03:10:48","guid":{"rendered":"http:\/\/vinasfm.com\/noticias\/?p=69241"},"modified":"2020-05-12T09:56:01","modified_gmt":"2020-05-12T12:56:01","slug":"la-iglesia-sagrado-corazon-cedio-el-local-de-caritas-parroquiales-al-hospital-regional","status":"publish","type":"post","link":"https:\/\/vinasfm.com\/noticias\/la-iglesia-sagrado-corazon-cedio-el-local-de-caritas-parroquiales-al-hospital-regional\/","title":{"rendered":"LA IGLESIA &#8216;SAGRADO CORAZ\u00d3N&#8217; CEDI\u00d3 EL LOCAL DE C\u00c1RITAS PARROQUIALES AL HOSPITAL REGIONAL"},"content":{"rendered":"<h5><strong>En tiempos donde la solidaridad est\u00e1 m\u00e1s presente que nunca, desde la Parroquia Sagrado Coraz\u00f3n cedieron el local de C\u00e1ritas para la atenci\u00f3n del Hospital Enfermeros Argentinos.<\/strong><\/h5>\n<p>Con el objetivo de facilitar la atenci\u00f3n de pacientes por parte del Hospital Enfermeros Argentinos, la Parroquia Sagrado Coraz\u00f3n cedi\u00f3 el local donde funciona C\u00e1ritas, ubicado en calle Olascoaga y Mitre: \u00ab<strong><em>La idea es que puedan ser atendidos y que no tengan contacto con personas que tengan riesgo de Covid-19<\/em><\/strong>\u00ab, manifest\u00f3 el Padre Horacio Valdivia.<\/p>\n<p>La cesi\u00f3n incluye la cocina, que incluye un consultorio para la atenci\u00f3n. \u00ab<em><strong>Esto ya est\u00e1 siendo utilizado por el hospital. Para nosotros es un gusto poder colaborar con toda la gente del departamento<\/strong>\u00ab, <\/em>concluy\u00f3 el sacerdote.<\/p>\n<h5><em>F.B.<\/em><\/h5>\n","protected":false},"excerpt":{"rendered":"<p>En tiempos donde la solidaridad est\u00e1 m\u00e1s presente que nunca, desde la Parroquia Sagrado Coraz\u00f3n cedieron el local de C\u00e1ritas para &#8230;<\/p>\n","protected":false},"author":8,"featured_media":0,"comment_status":"open","ping_status":"open","sticky":false,"template":"","format":"standard","meta":{"footnotes":""},"categories":[5,63],"tags":[],"class_list":["post-69241","post","type-post","status-publish","format-standard","hentry","category-actualidad","category-iglesia"],"_links":{"self":[{"href":"https:\/\/vinasfm.com\/noticias\/wp-json\/wp\/v2\/posts\/69241","targetHints":{"allow":["GET"]}}],"collection":[{"href":"https:\/\/vinasfm.com\/noticias\/wp-json\/wp\/v2\/posts"}],"about":[{"href":"https:\/\/vinasfm.com\/noticias\/wp-json\/wp\/v2\/types\/post"}],"author":[{"embeddable":true,"href":"https:\/\/vinasfm.com\/noticias\/wp-json\/wp\/v2\/users\/8"}],"replies":[{"embeddable":true,"href":"https:\/\/vinasfm.com\/noticias\/wp-json\/wp\/v2\/comments?post=69241"}],"version-history":[{"count":1,"href":"https:\/\/vinasfm.com\/noticias\/wp-json\/wp\/v2\/posts\/69241\/revisions"}],"predecessor-version":[{"id":69242,"href":"https:\/\/vinasfm.com\/noticias\/wp-json\/wp\/v2\/posts\/69241\/revisions\/69242"}],"wp:attachment":[{"href":"https:\/\/vinasfm.com\/noticias\/wp-json\/wp\/v2\/media?parent=69241"}],"wp:term":[{"taxonomy":"category","embeddable":true,"href":"https:\/\/vinasfm.com\/noticias\/wp-json\/wp\/v2\/categories?post=69241"},{"taxonomy":"post_tag","embeddable":true,"href":"https:\/\/vinasfm.com\/noticias\/wp-json\/wp\/v2\/tags?post=69241"}],"curies":[{"name":"wp","href":"https:\/\/api.w.org\/{rel}","templated":true}]}}