{"id":69238,"date":"2020-05-12T19:45:51","date_gmt":"2020-05-12T22:45:51","guid":{"rendered":"http:\/\/vinasfm.com\/noticias\/?p=69238"},"modified":"2020-05-13T08:13:04","modified_gmt":"2020-05-13T11:13:04","slug":"desde-defensa-civil-balverde-dio-recomendaciones-para-evitar-la-intoxicacion-por-monoxido-de-carbono","status":"publish","type":"post","link":"https:\/\/vinasfm.com\/noticias\/desde-defensa-civil-balverde-dio-recomendaciones-para-evitar-la-intoxicacion-por-monoxido-de-carbono\/","title":{"rendered":"DESDE DEFENSA CIVIL, BALVERDE DIO RECOMENDACIONES PARA EVITAR LA INTOXICACI\u00d3N POR MON\u00d3XIDO DE CARBONO"},"content":{"rendered":"<h5><strong>Ante las primeras bajas temperaturas se recomienda verificar los artefactos y\u00a0siempre mantener ventilados los ambientes de la vivienda.\u00a0Debido a la llegada de un frente fri\u00f3 a la provincia y el invierno que se avecina, Defensa Civil recuerda a la poblaci\u00f3n recomendaciones para evitar la intoxicaci\u00f3n con mon\u00f3xido de carbono (CO) al calefaccionar.<\/strong><\/h5>\n<p>Entre los consejos a tener en cuenta, la Direcci\u00f3n de Defensa Civil recomienda verificar\u00a0los artefactos e instalaciones\u00a0en lo posible con un gasista matriculado\u00a0como tambi\u00e9n limpiar los calefones: \u201c<em>Hay que hacer un trabajo importante en esta \u00e9poca limpiando los calefactores en el hogar<\/em>\u201d, sostuvo <strong>Adolfo Balverde<\/strong> desde <strong>Defensa Civil<\/strong> a trav\u00e9s de <strong><em>F.M. Vi\u00f1as<\/em><\/strong> y sobre otros tipos de calefacci\u00f3n resalt\u00f3: \u201c<em>Sobre el uso del brasero es complejo porque aconsejamos no dormir con ese tipo de calefacci\u00f3n y recomendamos tener las habitaciones con respiraci\u00f3n y\/o ventilaci\u00f3n por la alta cantidad de producci\u00f3n de Mon\u00f3xido de Carbono<\/em>\u201d.<\/p>\n<div id=\"attachment_15169\" style=\"width: 300px\" class=\"wp-caption alignleft\"><a href=\"http:\/\/vinasfm.com\/noticias\/wp-content\/uploads\/2016\/11\/Adolfo-Balverde-defensa-civil.jpg\"><img loading=\"lazy\" decoding=\"async\" aria-describedby=\"caption-attachment-15169\" class=\"size-medium wp-image-15169\" src=\"http:\/\/vinasfm.com\/noticias\/wp-content\/uploads\/2016\/11\/Adolfo-Balverde-defensa-civil-300x200.jpg\" alt=\"\" width=\"300\" height=\"200\" srcset=\"https:\/\/vinasfm.com\/noticias\/wp-content\/uploads\/2016\/11\/Adolfo-Balverde-defensa-civil-300x200.jpg 300w, https:\/\/vinasfm.com\/noticias\/wp-content\/uploads\/2016\/11\/Adolfo-Balverde-defensa-civil-768x512.jpg 768w, https:\/\/vinasfm.com\/noticias\/wp-content\/uploads\/2016\/11\/Adolfo-Balverde-defensa-civil.jpg 980w\" sizes=\"auto, (max-width: 300px) 100vw, 300px\" \/><\/a><p id=\"caption-attachment-15169\" class=\"wp-caption-text\">Adolfo Balverde, Director de Defensa Civil.<\/p><\/div>\n<p>El mon\u00f3xido de carbono puede producirse cuando el gas (natural o de garrafa), el querosene, le\u00f1a, alcohol o cualquier sustancia org\u00e1nica se quema de forma incompleta: \u201c<em>Lo fundamental es ver el color de la llama que debe ser azul; si es medio rojizo o naranja es porque est\u00e1 haciendo mala combusti\u00f3n. Como es una gas incoloro y sin olor no nos damos cuenta y produce la intoxicaci\u00f3n donde los s\u00edntomas son mareos, nauseas y dolor de cabeza<\/em>\u201d, manifest\u00f3 Balverde.<\/p>\n<p>Algunas de las <strong>causas que lo generan<\/strong> son:<strong>\u00a0<\/strong>insuficiente ventilaci\u00f3n del ambiente en donde hay una combusti\u00f3n; instalaci\u00f3n de artefactos en lugares inadecuados; mal estado de los conductos de evacuaci\u00f3n de los gases desacoplados, deteriorados o mal instalados; quemador de gas con la entrada de aire primario reducida y acumulaci\u00f3n de holl\u00edn u otro material en el quemador.<\/p>\n<p>\u201c<em>Por este motivo, para evitar accidentes no hay que utilizar las hornallas y el horno para generar calor, siempre mantener ventilados los ambientes de la vivienda y apagar la estufa o artefactos antes de ir a dormir<\/em>\u201d, agreg\u00f3 el Director de Defensa Civil.<\/p>\n<p>Asimismo confirm\u00f3 que instrumentar\u00e1n campa\u00f1as para llegar a los vecinos para crear conciencia y evitar ser v\u00edctima del Mon\u00f3xido de Carbono, que todos los a\u00f1os se cobra vidas.<\/p>\n<p>Ante s\u00edntomas de intoxicaci\u00f3n, llamar al 911 y concurrir al centro asistencial m\u00e1s cercano.<\/p>\n<h5><em>F.B. (F.M. Vi\u00f1as).<\/em><\/h5>\n","protected":false},"excerpt":{"rendered":"<p>Ante las primeras bajas temperaturas se recomienda verificar los artefactos y\u00a0siempre mantener ventilados los ambientes de la vivienda.\u00a0Debido a la llegada &#8230;<\/p>\n","protected":false},"author":8,"featured_media":51960,"comment_status":"open","ping_status":"open","sticky":false,"template":"","format":"standard","meta":{"footnotes":""},"categories":[5,51],"tags":[],"class_list":["post-69238","post","type-post","status-publish","format-standard","has-post-thumbnail","hentry","category-actualidad","category-defensa-civil"],"_links":{"self":[{"href":"https:\/\/vinasfm.com\/noticias\/wp-json\/wp\/v2\/posts\/69238","targetHints":{"allow":["GET"]}}],"collection":[{"href":"https:\/\/vinasfm.com\/noticias\/wp-json\/wp\/v2\/posts"}],"about":[{"href":"https:\/\/vinasfm.com\/noticias\/wp-json\/wp\/v2\/types\/post"}],"author":[{"embeddable":true,"href":"https:\/\/vinasfm.com\/noticias\/wp-json\/wp\/v2\/users\/8"}],"replies":[{"embeddable":true,"href":"https:\/\/vinasfm.com\/noticias\/wp-json\/wp\/v2\/comments?post=69238"}],"version-history":[{"count":1,"href":"https:\/\/vinasfm.com\/noticias\/wp-json\/wp\/v2\/posts\/69238\/revisions"}],"predecessor-version":[{"id":69240,"href":"https:\/\/vinasfm.com\/noticias\/wp-json\/wp\/v2\/posts\/69238\/revisions\/69240"}],"wp:featuredmedia":[{"embeddable":true,"href":"https:\/\/vinasfm.com\/noticias\/wp-json\/wp\/v2\/media\/51960"}],"wp:attachment":[{"href":"https:\/\/vinasfm.com\/noticias\/wp-json\/wp\/v2\/media?parent=69238"}],"wp:term":[{"taxonomy":"category","embeddable":true,"href":"https:\/\/vinasfm.com\/noticias\/wp-json\/wp\/v2\/categories?post=69238"},{"taxonomy":"post_tag","embeddable":true,"href":"https:\/\/vinasfm.com\/noticias\/wp-json\/wp\/v2\/tags?post=69238"}],"curies":[{"name":"wp","href":"https:\/\/api.w.org\/{rel}","templated":true}]}}