{"id":69227,"date":"2020-05-12T20:00:55","date_gmt":"2020-05-12T23:00:55","guid":{"rendered":"http:\/\/vinasfm.com\/noticias\/?p=69227"},"modified":"2020-05-13T08:11:14","modified_gmt":"2020-05-13T11:11:14","slug":"ajedrez-digital-se-jugo-la-2-fecha-en-las-ligas-departamentales","status":"publish","type":"post","link":"https:\/\/vinasfm.com\/noticias\/ajedrez-digital-se-jugo-la-2-fecha-en-las-ligas-departamentales\/","title":{"rendered":"AJEDREZ DIGITAL: SE JUG\u00d3 LA 2\u00b0 FECHA EN LAS LIGAS DEPARTAMENTALES"},"content":{"rendered":"<h4 style=\"font-weight: 400;\"><strong>Juan Sebasti\u00e1n Lieby, Juan Ignacio Ru\u00edz y Roberto Ru\u00edz fueron los vencedores, y los 3 puntean sus ligas.<\/strong><\/h4>\n<p style=\"font-weight: 400;\">Durante la primera semana de mayo se disputaron los <strong>segundos torneos<\/strong> en cada una de las ligas departamentales, en formato digital.<\/p>\n<p style=\"font-weight: 400;\">En la\u00a0<b><strong>LIGA INFANTIL<\/strong><\/b>, el claro vencedor fue nuevamente Juan Sebasti\u00e1n Lieby, que se coron\u00f3 Campe\u00f3n en los 2 torneos disputados, de manera invicta. En segundo lugar, qued\u00f3 Ana Victoria Lieby y complet\u00f3 el podio, la m\u00faltiple campeona Mendocina, Carla Paglione.<\/p>\n<h4 style=\"font-weight: 400;\"><b><strong>Tabla de Posiciones Liga Infantil, jugados 2 torneos:<\/strong><\/b><\/h4>\n<p style=\"font-weight: 400;\"><b><strong>1\u00ba\u00a0<\/strong><\/b>Juan Sebasti\u00e1n Lieby<b><strong>\u00a030 Pts<\/strong><\/b><\/p>\n<p style=\"font-weight: 400;\"><b><strong>2\u00ba\u00a0<\/strong><\/b>Ana Victoria Lieby<b><strong>\u00a026 Pts<\/strong><\/b><\/p>\n<p style=\"font-weight: 400;\"><b><strong>3\u00ba\u00a0<\/strong><\/b>Carla Paglione<b><strong>\u00a016 Pts<\/strong><\/b><\/p>\n<p style=\"font-weight: 400;\"><b><strong>4\u00ba\u00a0<\/strong><\/b>Santiago Kovich<b><strong>\u00a016 Pts<\/strong><\/b><\/p>\n<p style=\"font-weight: 400;\"><b><strong>5\u00ba\u00a0<\/strong><\/b>Tom\u00e1s Baquero<b><strong>\u00a014 Pts<\/strong><\/b><\/p>\n<p style=\"font-weight: 400;\"><b><strong>6\u00ba\u00a0<\/strong><\/b>El\u00edas Marttus<b><strong>\u00a011 Pts<\/strong><\/b><\/p>\n<p style=\"font-weight: 400;\"><b><strong>7\u00ba\u00a0<\/strong><\/b>Lautaro Medina<b><strong>\u00a08 Pts<\/strong><\/b><\/p>\n<p style=\"font-weight: 400;\"><b><strong>8\u00ba\u00a0<\/strong><\/b>Benjam\u00edn Baquero<b><strong>\u00a06 Pts<\/strong><\/b><\/p>\n<p style=\"font-weight: 400;\"><b><strong>9\u00ba\u00a0<\/strong><\/b>Donato Capella<b><strong>\u00a05 Pts<\/strong><\/b><\/p>\n<p style=\"font-weight: 400;\"><b><strong>10\u00ba\u00a0<\/strong><\/b>Benjam\u00edn Mart\u00ednez<b><strong>\u00a04 Pts<\/strong><\/b><\/p>\n<p style=\"font-weight: 400;\">En la\u00a0<b><strong>LIGA JUVENIL<\/strong><\/b>, tambi\u00e9n se repiti\u00f3 el Campe\u00f3n, ya que Juan Ignacio Ru\u00edz volvi\u00f3 a quedarse con el torneo. En 2\u00aa ubicaci\u00f3n qued\u00f3 Cristian Orozco, y complet\u00f3 el podio Roc\u00edo Barros.<\/p>\n<h4 style=\"font-weight: 400;\"><b><strong>Tabla de Posiciones Liga Juvenil, jugados 2 torneos:<\/strong><\/b><\/h4>\n<p style=\"font-weight: 400;\"><b><strong>1\u00ba\u00a0<\/strong><\/b>Juan Ignacio Ruiz<b><strong>\u00a030 Pts<\/strong><\/b><\/p>\n<p style=\"font-weight: 400;\"><b><strong>2\u00ba\u00a0<\/strong><\/b>Cristian Orozco<b><strong>\u00a026 Pts<\/strong><\/b><\/p>\n<p style=\"font-weight: 400;\"><b><strong>3\u00ba\u00a0<\/strong><\/b>Roc\u00edo barros<b><strong>\u00a020 Pts<\/strong><\/b><\/p>\n<p style=\"font-weight: 400;\"><b><strong>4\u00ba\u00a0<\/strong><\/b>Santiago S\u00e1nchez<b><strong>\u00a018 Pts<\/strong><\/b><\/p>\n<p style=\"font-weight: 400;\"><b><strong>5\u00ba\u00a0<\/strong><\/b>Fernando Colque<b><strong>\u00a016 Pts<\/strong><\/b><\/p>\n<p style=\"font-weight: 400;\"><b><strong>6\u00ba\u00a0<\/strong><\/b>Marcos Martos<b><strong>\u00a09 Pts<\/strong><\/b><\/p>\n<p style=\"font-weight: 400;\"><b><strong>7\u00ba\u00a0<\/strong><\/b>Camilo Lieby<b><strong>\u00a05 Pts<\/strong><\/b><\/p>\n<p style=\"font-weight: 400;\"><b><strong>8\u00ba\u00a0<\/strong><\/b>Camila delsart<b><strong>\u00a05 Pts<\/strong><\/b><\/p>\n<p style=\"font-weight: 400;\"><b><strong>9\u00ba\u00a0<\/strong><\/b>Santiago P\u00e9rez<b><strong>\u00a04 Pts<\/strong><\/b><\/p>\n<p style=\"font-weight: 400;\"><b><strong>10\u00ba\u00a0<\/strong><\/b>Maximiliano Mart\u00edn<b><strong>\u00a03 Pts<\/strong><\/b><\/p>\n<p style=\"font-weight: 400;\">Por parte de los\u00a0<b><strong>ADULTOS<\/strong><\/b>,\u00a0<b><strong>la liga<\/strong><\/b> se encuentra m\u00e1s apasionante, ya que hay 3 punteros. En este segundo encuentro, quien se impuso fue el actual Campe\u00f3n departamental, el Ingeniero Roberto Ru\u00edz. En 2\u00ba lugar finaliz\u00f3 el campe\u00f3n de la liga de adultos 2019, Sebasti\u00e1n Lieby, y cerr\u00f3 el podio, Sebasti\u00e1n Garay, que ven\u00eda de imponerse en el torneo de la semana anterior.<\/p>\n<h4 style=\"font-weight: 400;\"><b><strong>Tabla de Posiciones Liga de Adultos, contabilizados 2 torneos:<\/strong><\/b><\/h4>\n<p style=\"font-weight: 400;\"><b><strong>1\u00ba\u00a0<\/strong><\/b>Sebasti\u00e1n Garay<b><strong>\u00a026 Pts<\/strong><\/b><\/p>\n<p style=\"font-weight: 400;\"><b><strong>2\u00ba\u00a0<\/strong><\/b>Sebasti\u00e1n Lieby<b><strong>\u00a026 Pts<\/strong><\/b><\/p>\n<p style=\"font-weight: 400;\"><b><strong>3\u00ba\u00a0<\/strong><\/b>Roberto Ruiz<b><strong>\u00a026 Pts<\/strong><\/b><\/p>\n<p style=\"font-weight: 400;\"><b><strong>4\u00ba\u00a0<\/strong><\/b>N\u00e9stor Mart\u00edni<b><strong>\u00a014 Pts<\/strong><\/b><\/p>\n<p style=\"font-weight: 400;\"><b><strong>5\u00ba\u00a0<\/strong><\/b>Enzo Balderrama<b><strong>\u00a011 Pts<\/strong><\/b><\/p>\n<p style=\"font-weight: 400;\"><b><strong>6\u00ba\u00a0<\/strong><\/b>Juan Jos\u00e9 Rubio<b><strong>\u00a010 Pts<\/strong><\/b><\/p>\n<p style=\"font-weight: 400;\"><b><strong>7\u00ba\u00a0<\/strong><\/b>Marcelo P\u00e9rez<b><strong>\u00a09 Pts<\/strong><\/b><\/p>\n<p style=\"font-weight: 400;\"><b><strong>8\u00ba\u00a0<\/strong><\/b>Lucas arenas<b><strong>\u00a07 Pts<\/strong><\/b><\/p>\n<p style=\"font-weight: 400;\"><b><strong>9\u00ba\u00a0<\/strong><\/b>Leandro de Monte<b><strong>\u00a0Pts<\/strong><\/b><\/p>\n<p style=\"font-weight: 400;\"><b><strong>10\u00ba\u00a0<\/strong><\/b>Marcelo Ben\u00edtez<b><strong>\u00a03 Pts<\/strong><\/b><\/p>\n<p style=\"font-weight: 400;\"><b><strong>11\u00ba\u00a0<\/strong><\/b>Carlos Villegas<b><strong>\u00a02 Pts<\/strong><\/b><\/p>\n<p style=\"font-weight: 400;\"><b><strong>12\u00ba\u00a0<\/strong><\/b>Ezequiel Castillo<b><strong>\u00a01 Pt<\/strong><\/b><\/p>\n<h5><em>\u2022F.B. (F.M. Vi\u00f1as).<\/em><\/h5>\n","protected":false},"excerpt":{"rendered":"<p>Juan Sebasti\u00e1n Lieby, Juan Ignacio Ru\u00edz y Roberto Ru\u00edz fueron los vencedores, y los 3 puntean sus ligas. Durante la primera &#8230;<\/p>\n","protected":false},"author":8,"featured_media":69228,"comment_status":"open","ping_status":"open","sticky":false,"template":"","format":"standard","meta":{"footnotes":""},"categories":[5,3],"tags":[],"class_list":["post-69227","post","type-post","status-publish","format-standard","has-post-thumbnail","hentry","category-actualidad","category-deportes"],"_links":{"self":[{"href":"https:\/\/vinasfm.com\/noticias\/wp-json\/wp\/v2\/posts\/69227","targetHints":{"allow":["GET"]}}],"collection":[{"href":"https:\/\/vinasfm.com\/noticias\/wp-json\/wp\/v2\/posts"}],"about":[{"href":"https:\/\/vinasfm.com\/noticias\/wp-json\/wp\/v2\/types\/post"}],"author":[{"embeddable":true,"href":"https:\/\/vinasfm.com\/noticias\/wp-json\/wp\/v2\/users\/8"}],"replies":[{"embeddable":true,"href":"https:\/\/vinasfm.com\/noticias\/wp-json\/wp\/v2\/comments?post=69227"}],"version-history":[{"count":2,"href":"https:\/\/vinasfm.com\/noticias\/wp-json\/wp\/v2\/posts\/69227\/revisions"}],"predecessor-version":[{"id":69246,"href":"https:\/\/vinasfm.com\/noticias\/wp-json\/wp\/v2\/posts\/69227\/revisions\/69246"}],"wp:featuredmedia":[{"embeddable":true,"href":"https:\/\/vinasfm.com\/noticias\/wp-json\/wp\/v2\/media\/69228"}],"wp:attachment":[{"href":"https:\/\/vinasfm.com\/noticias\/wp-json\/wp\/v2\/media?parent=69227"}],"wp:term":[{"taxonomy":"category","embeddable":true,"href":"https:\/\/vinasfm.com\/noticias\/wp-json\/wp\/v2\/categories?post=69227"},{"taxonomy":"post_tag","embeddable":true,"href":"https:\/\/vinasfm.com\/noticias\/wp-json\/wp\/v2\/tags?post=69227"}],"curies":[{"name":"wp","href":"https:\/\/api.w.org\/{rel}","templated":true}]}}