{"id":69221,"date":"2020-05-12T01:39:13","date_gmt":"2020-05-12T04:39:13","guid":{"rendered":"http:\/\/vinasfm.com\/noticias\/?p=69221"},"modified":"2020-05-12T01:50:25","modified_gmt":"2020-05-12T04:50:25","slug":"en-la-ultima-jornada-argentina-alcanzo-los-6-278-infectados-y-314-victimas-fatales-por-coronavirus","status":"publish","type":"post","link":"https:\/\/vinasfm.com\/noticias\/en-la-ultima-jornada-argentina-alcanzo-los-6-278-infectados-y-314-victimas-fatales-por-coronavirus\/","title":{"rendered":"EN LA \u00daLTIMA JORNADA, ARGENTINA ALCANZ\u00d3 LOS 6.278 INFECTADOS Y 314 V\u00cdCTIMAS FATALES POR CORONAVIRUS"},"content":{"rendered":"<h4><strong>Este lunes por la tarde el\u00a0Ministerio de Salud de la Naci\u00f3n\u00a0confirm\u00f3 en su reporte vespertino\u00a0244 nuevos casos de coronavirus y 9 muertes en Argentina\u00a0en las \u00faltimas 24 horas.<\/strong><\/h4>\n<p>Con estos registros, el pa\u00eds suma\u00a0<strong>314\u00a0v\u00edctimas fatales y 6.278 contagiados<\/strong>\u00a0desde el inicio de la pandemia.<\/p>\n<p>Los 9 fallecidos reportados son cinco hombres, dos de 74 y 38 a\u00f1os, residentes en la provincia de Buenos Aires, dos de 73 y 83 a\u00f1os residentes en la Ciudad de Buenos Aires (CABA), uno de 75 a\u00f1os, residente en la provincia de Chaco; y cuatro mujeres, dos de 85 y 83 a\u00f1os, residentes en la provincia de Buenos Aires, una de 91 a\u00f1os, residente en la Ciudad de Buenos Aires, y otra, de 64 a\u00f1os, residente en la provincia de R\u00edo Negro.<\/p>\n<p>\u2022F.B.<\/p>\n","protected":false},"excerpt":{"rendered":"<p>Este lunes por la tarde el\u00a0Ministerio de Salud de la Naci\u00f3n\u00a0confirm\u00f3 en su reporte vespertino\u00a0244 nuevos casos de coronavirus y 9 &#8230;<\/p>\n","protected":false},"author":8,"featured_media":69222,"comment_status":"open","ping_status":"open","sticky":false,"template":"","format":"standard","meta":{"footnotes":""},"categories":[5,62],"tags":[],"class_list":["post-69221","post","type-post","status-publish","format-standard","has-post-thumbnail","hentry","category-actualidad","category-coronavirus"],"_links":{"self":[{"href":"https:\/\/vinasfm.com\/noticias\/wp-json\/wp\/v2\/posts\/69221","targetHints":{"allow":["GET"]}}],"collection":[{"href":"https:\/\/vinasfm.com\/noticias\/wp-json\/wp\/v2\/posts"}],"about":[{"href":"https:\/\/vinasfm.com\/noticias\/wp-json\/wp\/v2\/types\/post"}],"author":[{"embeddable":true,"href":"https:\/\/vinasfm.com\/noticias\/wp-json\/wp\/v2\/users\/8"}],"replies":[{"embeddable":true,"href":"https:\/\/vinasfm.com\/noticias\/wp-json\/wp\/v2\/comments?post=69221"}],"version-history":[{"count":1,"href":"https:\/\/vinasfm.com\/noticias\/wp-json\/wp\/v2\/posts\/69221\/revisions"}],"predecessor-version":[{"id":69226,"href":"https:\/\/vinasfm.com\/noticias\/wp-json\/wp\/v2\/posts\/69221\/revisions\/69226"}],"wp:featuredmedia":[{"embeddable":true,"href":"https:\/\/vinasfm.com\/noticias\/wp-json\/wp\/v2\/media\/69222"}],"wp:attachment":[{"href":"https:\/\/vinasfm.com\/noticias\/wp-json\/wp\/v2\/media?parent=69221"}],"wp:term":[{"taxonomy":"category","embeddable":true,"href":"https:\/\/vinasfm.com\/noticias\/wp-json\/wp\/v2\/categories?post=69221"},{"taxonomy":"post_tag","embeddable":true,"href":"https:\/\/vinasfm.com\/noticias\/wp-json\/wp\/v2\/tags?post=69221"}],"curies":[{"name":"wp","href":"https:\/\/api.w.org\/{rel}","templated":true}]}}