{"id":69219,"date":"2020-05-12T01:35:13","date_gmt":"2020-05-12T04:35:13","guid":{"rendered":"http:\/\/vinasfm.com\/noticias\/?p=69219"},"modified":"2020-05-12T01:50:35","modified_gmt":"2020-05-12T04:50:35","slug":"por-cuarto-dia-consecutivo-mendoza-no-reporto-nuevos-casos-de-covid-19","status":"publish","type":"post","link":"https:\/\/vinasfm.com\/noticias\/por-cuarto-dia-consecutivo-mendoza-no-reporto-nuevos-casos-de-covid-19\/","title":{"rendered":"POR CUARTO D\u00cdA CONSECUTIVO, MENDOZA NO REPORT\u00d3 NUEVOS CASOS DE COVID-19"},"content":{"rendered":"<h4><strong>El Ministerio de Salud de la provincia anunci\u00f3 que\u00a0por cuarto d\u00eda consecutivo\u00a0no se registraron\u00a0nuevos casos positivos de coronavirus en Mendoza.<\/strong><\/h4>\n<p>La Red de Laboratorios inform\u00f3 que hoy se conocieron los resultados de\u00a0<strong>39 tests de COVID-19 y que todos dieron negativo.<\/strong><\/p>\n<h4><strong>Casos positivos en Mendoza<\/strong><\/h4>\n<p>Hasta el momento,\u00a0<strong>Mendoza cuenta con 81 pacientes contagiados:<\/strong>\u00a0son 40 casos importados \u2013gente que ha llegado de otros pa\u00edses\u2013, 38 de ellos por contacto estrecho con alguien que vino de otro pa\u00eds o dio positivo de COVID-19 y 3 en investigaci\u00f3n epidemiol\u00f3gica.<\/p>\n<p>Adem\u00e1s, la provincia suma <strong>43 personas recuperadas y 9 fallecimientos por el virus desde el inicio de la pandemia.<\/strong><\/p>\n<p>\u2022F.B.<\/p>\n","protected":false},"excerpt":{"rendered":"<p>El Ministerio de Salud de la provincia anunci\u00f3 que\u00a0por cuarto d\u00eda consecutivo\u00a0no se registraron\u00a0nuevos casos positivos de coronavirus en Mendoza. La &#8230;<\/p>\n","protected":false},"author":8,"featured_media":67327,"comment_status":"open","ping_status":"open","sticky":false,"template":"","format":"standard","meta":{"footnotes":""},"categories":[5,62],"tags":[],"class_list":["post-69219","post","type-post","status-publish","format-standard","has-post-thumbnail","hentry","category-actualidad","category-coronavirus"],"_links":{"self":[{"href":"https:\/\/vinasfm.com\/noticias\/wp-json\/wp\/v2\/posts\/69219","targetHints":{"allow":["GET"]}}],"collection":[{"href":"https:\/\/vinasfm.com\/noticias\/wp-json\/wp\/v2\/posts"}],"about":[{"href":"https:\/\/vinasfm.com\/noticias\/wp-json\/wp\/v2\/types\/post"}],"author":[{"embeddable":true,"href":"https:\/\/vinasfm.com\/noticias\/wp-json\/wp\/v2\/users\/8"}],"replies":[{"embeddable":true,"href":"https:\/\/vinasfm.com\/noticias\/wp-json\/wp\/v2\/comments?post=69219"}],"version-history":[{"count":1,"href":"https:\/\/vinasfm.com\/noticias\/wp-json\/wp\/v2\/posts\/69219\/revisions"}],"predecessor-version":[{"id":69220,"href":"https:\/\/vinasfm.com\/noticias\/wp-json\/wp\/v2\/posts\/69219\/revisions\/69220"}],"wp:featuredmedia":[{"embeddable":true,"href":"https:\/\/vinasfm.com\/noticias\/wp-json\/wp\/v2\/media\/67327"}],"wp:attachment":[{"href":"https:\/\/vinasfm.com\/noticias\/wp-json\/wp\/v2\/media?parent=69219"}],"wp:term":[{"taxonomy":"category","embeddable":true,"href":"https:\/\/vinasfm.com\/noticias\/wp-json\/wp\/v2\/categories?post=69219"},{"taxonomy":"post_tag","embeddable":true,"href":"https:\/\/vinasfm.com\/noticias\/wp-json\/wp\/v2\/tags?post=69219"}],"curies":[{"name":"wp","href":"https:\/\/api.w.org\/{rel}","templated":true}]}}