{"id":69142,"date":"2020-05-11T00:10:55","date_gmt":"2020-05-11T03:10:55","guid":{"rendered":"http:\/\/vinasfm.com\/noticias\/?p=69142"},"modified":"2020-05-11T06:38:07","modified_gmt":"2020-05-11T09:38:07","slug":"desde-hoy-el-poder-judicial-retoma-la-actividad-en-todos-los-tribunales-mendocinos","status":"publish","type":"post","link":"https:\/\/vinasfm.com\/noticias\/desde-hoy-el-poder-judicial-retoma-la-actividad-en-todos-los-tribunales-mendocinos\/","title":{"rendered":"DESDE HOY, EL PODER JUDICIAL RETOMA LA ACTIVIDAD EN TODOS LOS TRIBUNALES MENDOCINOS"},"content":{"rendered":"<h4><strong>La Suprema Corte de Justicia y el Ministerio P\u00fablico Fiscal resolvieron que, desde este lunes, se retome la actividad en todas las dependencias del Poder Judicial de Mendoza. <\/strong><\/h4>\n<p>Para garantizar la protecci\u00f3n del personal y de quienes asistan a las distintas oficinas del organismo, se ha dispuesto un cronograma especial y un protocolo sanitario estricto para no generar riesgos de contagios de Covid-19.<\/p>\n<p>Seg\u00fan la acordada 29.526 difundida el viernes en la noche por el m\u00e1ximo tribunal de justicia mendocino, la atenci\u00f3n en las dependencias judiciales ser\u00e1 de lunes a jueves de 9 a 14 horas y seg\u00fan la terminaci\u00f3n del DNI. Esto implica que lunes y mi\u00e9rcoles ser\u00e1n atendidas personas con DNI terminados en 1, 2, 3, 4 y 5. Los martes y jueves podr\u00e1n asistir los que tienen documentos terminados en 6, 7, 8, 9 y 0. En tanto que los d\u00edas viernes ser\u00e1n destinados a trabajo interno y a la realizaci\u00f3n de audiencias y\/o cualquier acto que estuviere previamente agendado para ese d\u00eda.<\/p>\n<p>\u201cEn las mesas de entradas y dem\u00e1s dependencias se tiene que garantizar el distanciamiento social previsto en la normativa sanitaria vigente\u201d, informaron desde el Poder Judicial.<\/p>\n<p>La asistencia a tribunales ser\u00e1 por citaci\u00f3n judicial o en su defecto, deber\u00e1 gestionarse por turnos, sin excepci\u00f3n. Los mismos se podr\u00e1n solicitar mediante la aplicaci\u00f3n PJM-ExPreS (disponible para dispositivos Android), o a trav\u00e9s de comunicaci\u00f3n telef\u00f3nica a los n\u00fameros consignados en la p\u00e1gina web del Poder Judicial (www.jus.mendoza.gov.ar\/gu\u00eda-judicial). En el fuero Tributario la asignaci\u00f3n de turnos a los sres. recaudadores y oficiales de Justicia Ad-hoc, solo podr\u00e1n hacerse telef\u00f3nicamente.<\/p>\n<p>\u201cEs importante aclarar que se estableci\u00f3 la prohibici\u00f3n de pr\u00e9stamos de expedientes en todo fuero e instancia, s\u00f3lo podr\u00e1n ser compulsados por el profesional previa higiene sanitaria con el producto desinfectante pertinente y podr\u00e1n digitalizarse o fotografiarse\u201d, detallaron desde la Suprema Corte.<br \/>\nAdem\u00e1s, el protocolo establece que el \u00fanico medio de ingreso de las presentaciones judiciales ser\u00e1 a trav\u00e9s de la Mesa de Entradas Escritos Digitales (MEED) en toda la Provincia, a excepci\u00f3n de los escritos ratificatorios que ser\u00e1n presentados en las mesas de entradas generales o buz\u00f3n f\u00edsico habilitado a tal fin.<\/p>\n<p>\u201cA partir del lunes 18 de mayo se habilita en todas las instancias y fueros de las cuatro circunscripciones judiciales, la tramitaci\u00f3n de las causas, prorrog\u00e1ndose hasta dicha fecha la vigencia de las medidas que se establecieron desde el inicio de la inhabilidad extraordinaria. No obstante, desde ese mismo d\u00eda, el juez en cada caso, podr\u00e1\u0301 ante la falta de personal o por aplicaci\u00f3n de las normas sanitarias vigentes disponer, de oficio o pedido de parte la suspensi\u00f3n del proceso, en los t\u00e9rminos y condiciones de la normativa aplicable\u201d, a\u00f1ade la acordada.<\/p>\n<p>\u201cSe except\u00faa hasta el 1 de Junio del corriente a los Tribunales de la Provincia del cumplimiento de los plazos procesales aplicables para proveer, publicar y dar tr\u00e1mite a los escritos\u201d, establece la misma normativa.<br \/>\nTodo el personal que integre el Poder Judicial deber\u00e1 retomar su actividad desde este lunes a excepci\u00f3n de quienes integran grupos de riesgo, entre los que se encuentran mayores de 60 a\u00f1os, embarazadas y personas con patolog\u00eda de base (enfermedades respiratorias, diab\u00e9ticos, problemas card\u00edacos, insuficiencia renal cr\u00f3nica e inmunodeprimidos, pacientes oncol\u00f3gicos).<\/p>\n<p>Tambi\u00e9n integran esta lista quienes presenten certificado \u00fanico de discapacidad y aquellos adultos responsables que tienen a cargo ni\u00f1os o ni\u00f1as en edad escolar (hasta 16 a\u00f1os) mientras dure la suspensi\u00f3n de clases. En caso que ambos progenitores trabajen, uno deber\u00e1 optar por la licencia.<\/p>\n<h4><strong>Registros P\u00fablicos<\/strong><\/h4>\n<p>Las Direcciones de Registros P\u00fablicos y Archivo Judicial, a partir de la pr\u00f3xima semana, podr\u00e1n recibir exclusivamente escrituras p\u00fablicas otorgadas que cuenten con prioridad indirecta y cancelaciones de medidas cautelares; y entreguen documentaci\u00f3n.<\/p>\n<p>A su vez se instruy\u00f3 a las Direcciones de Registros P\u00fablicos y Archivo Judicial que otorguen turnos para la atenci\u00f3n, velando por el cumplimiento del protocolo sanitario aplicable, para lo que podr\u00e1n disponer la forma en que deber\u00e1 presentarse la documentaci\u00f3n.<\/p>\n<h4><strong>Ministerio P\u00fablico Fiscal<\/strong><\/h4>\n<p>Con la firma del procurador general, Alejandro Gull\u00e9, el Ministerio P\u00fablico Fiscal tambi\u00e9n dispuso la reanudaci\u00f3n de sus actividades desde este lunes. La resoluci\u00f3n 68\/2020 incluye a fiscales, funcionarios y personal t\u00e9cnico y administrativo que no est\u00e9n comprendidos en las excepciones, cumplan sus tareas en forma presencial en las Unidades Fiscales y dem\u00e1s dependencias de apoyo y administrativas del MPF, en los turnos matutino y vespertino, de 9hs a 13 hs; y de 14 hs. a 18 hs. respectivamente.<\/p>\n<p>Aquellos que fiscales, funcionarios y personal t\u00e9cnico y administrativo que se encuentren exceptuados de realizar trabajo presencial, deber\u00e1n cumplir funciones mediante la modalidad de teletrabajo.<\/p>\n<p>\u2022F.B.<\/p>\n","protected":false},"excerpt":{"rendered":"<p>La Suprema Corte de Justicia y el Ministerio P\u00fablico Fiscal resolvieron que, desde este lunes, se retome la actividad en todas &#8230;<\/p>\n","protected":false},"author":8,"featured_media":2208,"comment_status":"open","ping_status":"open","sticky":false,"template":"","format":"standard","meta":{"footnotes":""},"categories":[5,22],"tags":[],"class_list":["post-69142","post","type-post","status-publish","format-standard","has-post-thumbnail","hentry","category-actualidad","category-justicia"],"_links":{"self":[{"href":"https:\/\/vinasfm.com\/noticias\/wp-json\/wp\/v2\/posts\/69142","targetHints":{"allow":["GET"]}}],"collection":[{"href":"https:\/\/vinasfm.com\/noticias\/wp-json\/wp\/v2\/posts"}],"about":[{"href":"https:\/\/vinasfm.com\/noticias\/wp-json\/wp\/v2\/types\/post"}],"author":[{"embeddable":true,"href":"https:\/\/vinasfm.com\/noticias\/wp-json\/wp\/v2\/users\/8"}],"replies":[{"embeddable":true,"href":"https:\/\/vinasfm.com\/noticias\/wp-json\/wp\/v2\/comments?post=69142"}],"version-history":[{"count":1,"href":"https:\/\/vinasfm.com\/noticias\/wp-json\/wp\/v2\/posts\/69142\/revisions"}],"predecessor-version":[{"id":69143,"href":"https:\/\/vinasfm.com\/noticias\/wp-json\/wp\/v2\/posts\/69142\/revisions\/69143"}],"wp:featuredmedia":[{"embeddable":true,"href":"https:\/\/vinasfm.com\/noticias\/wp-json\/wp\/v2\/media\/2208"}],"wp:attachment":[{"href":"https:\/\/vinasfm.com\/noticias\/wp-json\/wp\/v2\/media?parent=69142"}],"wp:term":[{"taxonomy":"category","embeddable":true,"href":"https:\/\/vinasfm.com\/noticias\/wp-json\/wp\/v2\/categories?post=69142"},{"taxonomy":"post_tag","embeddable":true,"href":"https:\/\/vinasfm.com\/noticias\/wp-json\/wp\/v2\/tags?post=69142"}],"curies":[{"name":"wp","href":"https:\/\/api.w.org\/{rel}","templated":true}]}}