{"id":69098,"date":"2020-05-10T13:34:01","date_gmt":"2020-05-10T16:34:01","guid":{"rendered":"http:\/\/vinasfm.com\/noticias\/?p=69098"},"modified":"2020-05-11T09:19:57","modified_gmt":"2020-05-11T12:19:57","slug":"echarenmano-llega-a-la-tv-publica","status":"publish","type":"post","link":"https:\/\/vinasfm.com\/noticias\/echarenmano-llega-a-la-tv-publica\/","title":{"rendered":"&#8216;ECHARENMANO&#8217; A PURA M\u00daSICA MENDOCINA EN LA TV P\u00daBLICA"},"content":{"rendered":"<h4><strong>El proyecto art\u00edstico musical liderado por Mauro Salinas, participar\u00e1 este domingo del ciclo \u201cUn\u00edsono\u201d, en la televisi\u00f3n p\u00fablica nacional.<\/strong><\/h4>\n<p>La banda conceptual liderada por el reconocido artista alvearense, Mauro Salinas (voz y guitarra), y que integran \u201cCharly\u201d Lozano (bajo y coros), Gast\u00f3n S\u00e1enz (bater\u00eda) y Eugenia Flores, en la producci\u00f3n integral, ser\u00e1 parte <strong>este domingo<\/strong>, <strong>desde las 20:30 horas<\/strong>, de un nuevo cap\u00edtulo del ciclo televisivo \u201cUn\u00edsono\u201d del <strong>INAMU<\/strong> (Instituto Nacional de la M\u00fasica) en el que se difunde todos los fines de semana, lo m\u00e1s destacado de la m\u00fasica del interior del pa\u00eds.<\/p>\n<p>\u201c<strong>Echarenmano<\/strong>\u201d, fue seleccionada a trav\u00e9s de MAIPeC, tras presentar a la producci\u00f3n del programa, el video de \u201c<strong><em>Como todas las ma\u00f1anas<\/em><\/strong>\u201d, un tema con caracter\u00edsticas muy particulares, ya que s\u00f3lo es ejecutado por Salinas: \u201c<em>El tema est\u00e1 compuesto por capas, que se van grabando gracias a la utilizaci\u00f3n de loops y pedales, que me permiten grabar voces y crear diferentes melod\u00edas arm\u00f3nicas y percusi\u00f3n, en tiempo real. El rasguido, adem\u00e1s, tiene la caracter\u00edstica de ser percusivo, mel\u00f3dico y r\u00edtmico<\/em>\u201d, detalla su autor e int\u00e9rprete.<\/p>\n<p>El v\u00eddeo, de \u00ab<strong>C\u00f3mo todas las ma\u00f1anas<\/strong>\u00ab, cont\u00f3 con la producci\u00f3n de \u201cAndy\u201d Dubrowsky y Hern\u00e1n Guti\u00e9rrez para \u201cEl Gran Maizal\u201d, y fue grabado, mezclado y masterizado en \u201cDosmotores Estudio\u201d, en Alvear Oeste.<\/p>\n<p>El ex \u201cVieja Cepa\u201d, asegur\u00f3 que este tema que ser\u00e1 visto en todo el pa\u00eds el pr\u00f3ximo domingo, es una especie de anticipo de lo que ser\u00e1 \u201cIntroestaci\u00f3n\u201d, el nuevo show conceptual de la formaci\u00f3n, que se estrenar\u00e1 en el momento que las condiciones sociales lo permitan, una vez finalizada la Pandemia de Covid-19.<\/p>\n<p>\u2022F.B.<\/p>\n","protected":false},"excerpt":{"rendered":"<p>El proyecto art\u00edstico musical liderado por Mauro Salinas, participar\u00e1 este domingo del ciclo \u201cUn\u00edsono\u201d, en la televisi\u00f3n p\u00fablica nacional. La banda &#8230;<\/p>\n","protected":false},"author":8,"featured_media":69100,"comment_status":"open","ping_status":"open","sticky":false,"template":"","format":"standard","meta":{"footnotes":""},"categories":[5,10],"tags":[],"class_list":["post-69098","post","type-post","status-publish","format-standard","has-post-thumbnail","hentry","category-actualidad","category-destacadas"],"_links":{"self":[{"href":"https:\/\/vinasfm.com\/noticias\/wp-json\/wp\/v2\/posts\/69098","targetHints":{"allow":["GET"]}}],"collection":[{"href":"https:\/\/vinasfm.com\/noticias\/wp-json\/wp\/v2\/posts"}],"about":[{"href":"https:\/\/vinasfm.com\/noticias\/wp-json\/wp\/v2\/types\/post"}],"author":[{"embeddable":true,"href":"https:\/\/vinasfm.com\/noticias\/wp-json\/wp\/v2\/users\/8"}],"replies":[{"embeddable":true,"href":"https:\/\/vinasfm.com\/noticias\/wp-json\/wp\/v2\/comments?post=69098"}],"version-history":[{"count":2,"href":"https:\/\/vinasfm.com\/noticias\/wp-json\/wp\/v2\/posts\/69098\/revisions"}],"predecessor-version":[{"id":69153,"href":"https:\/\/vinasfm.com\/noticias\/wp-json\/wp\/v2\/posts\/69098\/revisions\/69153"}],"wp:featuredmedia":[{"embeddable":true,"href":"https:\/\/vinasfm.com\/noticias\/wp-json\/wp\/v2\/media\/69100"}],"wp:attachment":[{"href":"https:\/\/vinasfm.com\/noticias\/wp-json\/wp\/v2\/media?parent=69098"}],"wp:term":[{"taxonomy":"category","embeddable":true,"href":"https:\/\/vinasfm.com\/noticias\/wp-json\/wp\/v2\/categories?post=69098"},{"taxonomy":"post_tag","embeddable":true,"href":"https:\/\/vinasfm.com\/noticias\/wp-json\/wp\/v2\/tags?post=69098"}],"curies":[{"name":"wp","href":"https:\/\/api.w.org\/{rel}","templated":true}]}}