{"id":69093,"date":"2020-05-09T20:00:22","date_gmt":"2020-05-09T23:00:22","guid":{"rendered":"http:\/\/vinasfm.com\/noticias\/?p=69093"},"modified":"2020-07-12T11:21:22","modified_gmt":"2020-07-12T14:21:22","slug":"proponen-descontar-parte-del-sueldo-a-empleados-publicos-para-ayudar-al-sector-privado","status":"publish","type":"post","link":"https:\/\/vinasfm.com\/noticias\/proponen-descontar-parte-del-sueldo-a-empleados-publicos-para-ayudar-al-sector-privado\/","title":{"rendered":"PROPONEN DESCONTAR PARTE DEL SUELDO A EMPLEADOS P\u00daBLICOS PARA AYUDAR AL SECTOR PRIVADO"},"content":{"rendered":"<h5><strong>En los \u00faltimos d\u00edas, la Diputada Provincial Hebe Casado (FCM)en conjunto con su par Josefina Canale (PDP) presentaron un proyecto de ley en la Legislatura mendocina\u00a0 que propone descontar durante los meses que dure la pandemia una parte del sueldo de empleados p\u00fablicos con el fin de generar un fondo fiduciario que estar\u00e1 disponible para ayudar al sector privado.<\/strong><\/h5>\n<p>Esta iniciativa es de la legisladora Canale y adjunta una escala para el descuento, en proporci\u00f3n a los haberes, que <strong>va desde el 05% al 20% a empleados y funcionarios p\u00fablicos<\/strong> y que <strong>except\u00faa de los descuentos a trabajadores de la salud<\/strong>, <strong>seguridad<\/strong> y de <strong>educaci\u00f3n<\/strong>.<\/p>\n<p>A trav\u00e9s de <strong>F.M. VI\u00d1AS<\/strong>, la co-autora del proyecto sostuvo que la idea es que el Ejecutivo instrumente esta medida con el fin de \u201c<strong><em>mantener un equilibrio entre ambos sectores<\/em><\/strong>\u201d, destac\u00f3 <strong>Casado<\/strong> y en profundidad reflej\u00f3: \u201c<em>Hay que ver la situaci\u00f3n general que se vive ya que estamos en un momento particular donde una pandemia nos esta afectando y <strong>todos tenemos que hacer un tipo de sacrificio<\/strong>. En lo econ\u00f3mico <strong>lo padecen los privados que<\/strong>, desde que se instaur\u00f3 la cuarentena estricta, <strong>son aquellos que producen y aportan a los impuestos y generan el dinero para pagar sueldos estatales<\/strong>\u201d.<\/em><\/p>\n<p>Siendo m\u00e1s precisa, Hebe Casado puntualiz\u00f3: \u201c<strong><em>Las actividades tur\u00edstica y gastron\u00f3mica se han visto resentidas<\/em><\/strong><em> y vemos que sus empleado est\u00e1n siendo suspendidos y\/o quedando sin su trabajo o se le ha reducido los sueldos en estos 50 d\u00edas de cuarentena que llevamos\u201d.<\/em><\/p>\n<p>En la misma l\u00ednea la legisladora asegur\u00f3:\u201d<em>Por eso pensamos en que el Estado debe ayudar en estos meses cr\u00edticos y <strong>una forma de hacerlo ser\u00eda aportando una al\u00edcuota del sueldo que depender\u00e1 del porcentaje de los haberes<\/strong><\/em>\u201d.<\/p>\n<p>Los pagos a cuenta se aplicar\u00e1n seg\u00fan al\u00edcuotas progresivos desde el 0,50% para el sueldo de $ 20.000, 1% para sueldos de $30.000, 4, 5% para sueldos de $90.000, 7% para sueldos que alcancen los $120.000 y la tabla avanza de\u00a0 forma gradual hasta el 20% para sueldos de $210.000 o m\u00e1s.<\/p>\n<p>Frente a las repercusiones que hubo tras conocerse la existencia del proyecto de ley, Casado aclar\u00f3 que: \u201c<strong><em>Se dejar\u00edan de lado a aquellas trabajadores esenciales como los de la DGE, Salud y fuerzas de Seguridad<\/em><\/strong><em> (incluyendo penitenciarios), que han trabajado m\u00e1s que antes. Ser\u00eda solamente mientras dure esta situaci\u00f3n de pandemia donde los privados no pueden generar riqueza<\/em>\u201d.<\/p>\n<p><strong>\u00bfES LA RESPUESTA DEL ESTADO ANTE ESTA SITUACI\u00d3N?<\/strong><\/p>\n<p>\u201c<strong><em>Es una parte de la respuesta que debe dar el Estado a esta situaci\u00f3n<\/em><\/strong><em>. <strong>Los legisladores y funcionarios fuimos los primeros que destinamos parte de nuestro haberes<\/strong> a un fondo que fue a parar a la provisi\u00f3n de elementos para hospitales y este mes ha sido para comprar celulares y computadoras para chicos que participan de aulas virtuales<\/em>\u201d, respondi\u00f3 y siguiendo con el esp\u00edritu de la iniciativa, manifest\u00f3: \u201c<strong><em>Queremos que el resto aporte ya que sus sueldos no se han visto afectados por esta pandemia y todo sea en solidaridad con aquellos que si han sido afectados\u201d.<\/em><\/strong><\/p>\n<p>Pasando al plano nacional, Casado dispar\u00f3: \u201c<strong><em>Para la Naci\u00f3n es f\u00e1cil afrontar esto porque tiene la maquinita funcionando a full y en Mendoza no<\/em><\/strong><em>. Los principales ingresos provinciales son el <strong>petr\u00f3leo<\/strong>, el <strong>turismo<\/strong> y la <strong>agroindustria<\/strong>, todas actividades est\u00e1n resentidas y no pueden generar\u201d.<\/em><\/p>\n<p>Por estos momentos el proyecto de reducci\u00f3n salarial ingres\u00f3 a la Legislatura y se \u201c<em>se est\u00e1 hablando con el Ejecutivo sobre esto por eso veremos qu\u00e9 respuesta dan. Ingresar\u00e1 en comisi\u00f3n en el tratamiento de la semana que viene y veremos qu\u00e9 respuesta hay del resto de los legisladores<\/em>\u201d, confirm\u00f3 Casado respecto al estado legislativo recordando que las comisiones son lunes y martes; las sesiones en Senadores son los martes y en Diputados, los mi\u00e9rcoles.<\/p>\n<p>Desde <strong>F.M. VI\u00d1AS<\/strong> se le consult\u00f3 si con esto ten\u00edan en cuenta el <strong>costo pol\u00edtico<\/strong> que puede ocasionar una posible legislaci\u00f3n de esta \u00edndole a lo que la oficialista mantuvo: \u201c<strong><em>El sector privado lo ve con benepl\u00e1cito ya que han hecho el mayor esfuerzo y han restringido sus ingresos aportado todas las perdidas<\/em><\/strong><em>. <strong>El Estado no ha sufrido grandes p\u00e9rdidas<\/strong> y esto ir\u00e1 a un fondo fiduciario para ayudar los sueldos de los empleados privados. <strong>Las c\u00e1maras industriales, tur\u00edsticas, gastron\u00f3micas lo ven bien<\/strong><\/em>\u201d, y finalmente reflexion\u00f3: \u201c<strong><em>Es una forma de ponernos en la misma situaci\u00f3n que ellos<\/em><\/strong>\u201d.<\/p>\n<p>Otro punto pol\u00e9mico, en la iniciativa, es el que menciona que \u201c<em>los empleados estatales que hoy no prestan sus funciones de manera presencial, ni virtual, deber\u00edan devolver las horas no trabajadas una vez terminado el periodo de aislamiento, en cada una de las reparticiones donde prestan sus servicios<\/em>\u201d. Cabe se\u00f1alar que los grupos de riesgo han sido exceptuados de concurrir a los trabajos en forma presencial mediante decretos presidenciales y de la Corte Suprema por la emergencia sanitaria.<\/p>\n<h5><em>\u2022Fernando Burett (F.M. Vi\u00f1as).<\/em><\/h5>\n","protected":false},"excerpt":{"rendered":"<p>En los \u00faltimos d\u00edas, la Diputada Provincial Hebe Casado (FCM)en conjunto con su par Josefina Canale (PDP) presentaron un proyecto de &#8230;<\/p>\n","protected":false},"author":8,"featured_media":69094,"comment_status":"open","ping_status":"open","sticky":false,"template":"","format":"standard","meta":{"footnotes":""},"categories":[5,10],"tags":[],"class_list":["post-69093","post","type-post","status-publish","format-standard","has-post-thumbnail","hentry","category-actualidad","category-destacadas"],"_links":{"self":[{"href":"https:\/\/vinasfm.com\/noticias\/wp-json\/wp\/v2\/posts\/69093","targetHints":{"allow":["GET"]}}],"collection":[{"href":"https:\/\/vinasfm.com\/noticias\/wp-json\/wp\/v2\/posts"}],"about":[{"href":"https:\/\/vinasfm.com\/noticias\/wp-json\/wp\/v2\/types\/post"}],"author":[{"embeddable":true,"href":"https:\/\/vinasfm.com\/noticias\/wp-json\/wp\/v2\/users\/8"}],"replies":[{"embeddable":true,"href":"https:\/\/vinasfm.com\/noticias\/wp-json\/wp\/v2\/comments?post=69093"}],"version-history":[{"count":2,"href":"https:\/\/vinasfm.com\/noticias\/wp-json\/wp\/v2\/posts\/69093\/revisions"}],"predecessor-version":[{"id":69097,"href":"https:\/\/vinasfm.com\/noticias\/wp-json\/wp\/v2\/posts\/69093\/revisions\/69097"}],"wp:featuredmedia":[{"embeddable":true,"href":"https:\/\/vinasfm.com\/noticias\/wp-json\/wp\/v2\/media\/69094"}],"wp:attachment":[{"href":"https:\/\/vinasfm.com\/noticias\/wp-json\/wp\/v2\/media?parent=69093"}],"wp:term":[{"taxonomy":"category","embeddable":true,"href":"https:\/\/vinasfm.com\/noticias\/wp-json\/wp\/v2\/categories?post=69093"},{"taxonomy":"post_tag","embeddable":true,"href":"https:\/\/vinasfm.com\/noticias\/wp-json\/wp\/v2\/tags?post=69093"}],"curies":[{"name":"wp","href":"https:\/\/api.w.org\/{rel}","templated":true}]}}