{"id":68975,"date":"2020-05-08T12:00:09","date_gmt":"2020-05-08T15:00:09","guid":{"rendered":"http:\/\/vinasfm.com\/noticias\/?p=68975"},"modified":"2020-05-10T14:33:34","modified_gmt":"2020-05-10T17:33:34","slug":"el-pj-no-permitio-el-emprestito-para-reactivar-la-obra-publica-en-alvear","status":"publish","type":"post","link":"https:\/\/vinasfm.com\/noticias\/el-pj-no-permitio-el-emprestito-para-reactivar-la-obra-publica-en-alvear\/","title":{"rendered":"EL PJ NO PERMITI\u00d3 EL EMPR\u00c9STITO PARA REACTIVAR LA OBRA P\u00daBLICA EN ALVEAR"},"content":{"rendered":"<h4><strong>A partir de las 10:30h de este jueves, el Honorable Concejo Deliberante desarroll\u00f3 una importante sesi\u00f3n donde el tema destacado fue el proyecto cursado desde el Ejecutivo que, a trav\u00e9s de un empr\u00e9stito de $50 millones, buscaba la reactivaci\u00f3n econ\u00f3mica a trav\u00e9s de un ambicioso plan de obra p\u00fablica bajo el nombre de PROPyE (Programa de Obra P\u00fablica y Empleo).<\/strong><\/h4>\n<p>En la votaci\u00f3n se decidi\u00f3 sobre dos despachos: El <strong>N\u00b0 1<\/strong> presentado por el Bloque UCR y PRO y el despacho <strong>N\u00b0 2<\/strong> propuesto por el Bloque Frente de Todos.<\/p>\n<blockquote><p>El\u00a0<strong>Bloque Justicialista se inclin\u00f3 por su despacho<\/strong> dejando sin efecto el despacho presentado por el oficialismo que cont\u00f3 con los votos del <strong>Bloque UCR<\/strong>\u00a0y\u00a0<strong>Bloque<\/strong>\u00a0<strong>PRO<\/strong>. Fueron <strong>6 votos a favor del despacho N\u00b0 1<\/strong>\u00a0y <strong>4 a favor del N\u00b0 2.<\/strong><\/p><\/blockquote>\n<p>Para la aprobaci\u00f3n de cualquier despacho <strong>se necesitaba el voto positivo de dos tercios<\/strong> (<strong>7\/10<\/strong>) de los miembros del cuerpo legislativo (Ley 1079. Art. N\u00b0 73. Inciso 6 y 7). Luego de darse lectura al proyecto, los ediles expresaron su parecer\u00a0 respecto del proyecto.<\/p>\n<p>\u201c<em><strong>Pongo a consideraci\u00f3n de ustedes<\/strong>. <strong>Sabemos que estamos intentando sesionar en este contexto y queda a su decisi\u00f3n la aprobaci\u00f3n o rechazo de este proyecto<\/strong><\/em>\u201d, inici\u00f3 la presidente del Concejo, <strong>Patricia Salice<\/strong>.<\/p>\n<p>En medio de la sesi\u00f3n <strong>se solicit\u00f3 un cuarto intermedio<\/strong> donde se generaron algunos cruces de conceptos entre ambas bancadas y se ve\u00eda inminente la negativa de la oposici\u00f3n de apoyar el proyecto. En simult\u00e1neo hab\u00eda gente de la <strong><em>Uni\u00f3n Vecinal Malvinas<\/em><\/strong> y representantes de la <strong>empresa constructora \u00a0<em>El Nehuen<\/em><\/strong> expectantes por lo que la decisi\u00f3n en torno al proyecto.<\/p>\n<p>El Concejo <strong>dej\u00f3 entrar a 3 vecinos que representen a la empresa, la uni\u00f3n vecinal y trabajadores<\/strong> para expresarse y solicitaron a funcionarios del Ejecutivo que se retiren del recinto para respetar las disposiciones de distanciamiento.<\/p>\n<p>Uno fue <strong>Jos\u00e9 Balbuena<\/strong>, representante de la empresa, \u00a0quien haciendo uso de la palabra expres\u00f3: \u201c<strong><em>Trasmito la preocupaci\u00f3n de los trabajadores que dependen de esta fuente de trabajo y quiero contarles que hay un grupo importante con familias que en esta situaci\u00f3n dependen de esto<\/em><\/strong><em>. <strong>M\u00e1s all\u00e1 de los colores pol\u00edticos les pedimos tengan en consideraci\u00f3n esto y tengan la capacidad de decidir bien porque queremos trabajar<\/strong>. <strong>Por favor necesitamos ayudarnos entre todos para salir adelante<\/strong>\u201d.<\/em><\/p>\n<p><a href=\"http:\/\/vinasfm.com\/noticias\/wp-content\/uploads\/2020\/05\/4544caaf-1e03-4a6a-98d9-311aeb9d4356.jpg\"><img loading=\"lazy\" decoding=\"async\" class=\" wp-image-68983 aligncenter\" src=\"http:\/\/vinasfm.com\/noticias\/wp-content\/uploads\/2020\/05\/4544caaf-1e03-4a6a-98d9-311aeb9d4356-300x169.jpg\" alt=\"\" width=\"541\" height=\"305\" srcset=\"https:\/\/vinasfm.com\/noticias\/wp-content\/uploads\/2020\/05\/4544caaf-1e03-4a6a-98d9-311aeb9d4356-300x169.jpg 300w, https:\/\/vinasfm.com\/noticias\/wp-content\/uploads\/2020\/05\/4544caaf-1e03-4a6a-98d9-311aeb9d4356-1024x576.jpg 1024w, https:\/\/vinasfm.com\/noticias\/wp-content\/uploads\/2020\/05\/4544caaf-1e03-4a6a-98d9-311aeb9d4356-768x432.jpg 768w, https:\/\/vinasfm.com\/noticias\/wp-content\/uploads\/2020\/05\/4544caaf-1e03-4a6a-98d9-311aeb9d4356-1140x641.jpg 1140w, https:\/\/vinasfm.com\/noticias\/wp-content\/uploads\/2020\/05\/4544caaf-1e03-4a6a-98d9-311aeb9d4356.jpg 1280w\" sizes=\"auto, (max-width: 541px) 100vw, 541px\" \/><\/a><\/p>\n<h4 style=\"text-align: center;\"><strong>BLOQUE UCR<\/strong><\/h4>\n<h4><strong>Pablo Longo<\/strong><\/h4>\n<p><em>\u201c<strong>Se han puesto por delante lineamientos partidarios por encima de los vecinos. Hemos sido humillados y se nos ha tomado el pelo porque en ning\u00fan momento hubo intenci\u00f3n de dialogo ni aportes constructivos. El proyecto fue mutando para que todos participemos de la elaboraci\u00f3n de este proyecto. Esper\u00e1bamos una oposici\u00f3n responsable. Entendemos que no es la soluci\u00f3n definitiva no cambiara la realidad de todos pero si a un gran sector. La verdad, no nos escucharon ni a nosotros ni a los vecinos, ni a los entidades intermedias, comercios afines<\/strong>\u201d.<\/em><\/p>\n<p><em>\u201c<strong>Fieles a su estilo percibimos el clientelismo en su m\u00e1xima expresi\u00f3n y se ha visto mezquindad pol\u00edtica de culpar al otro<\/strong>. Muchas veces, nosotros como concejales nos preocupamos cu\u00e1les son las cosas que podemos hacer y la realidad que podemos hacer para que alg\u00fan vecino mejore su calidad de vida. Me pregunto, <strong>\u00bfTenemos alg\u00fan conocido o comerciante que ha podido acceder a las ayudad del gobierno nacional? Se intenta distorsionar y mezclar las cosas<\/strong>\u201d<\/em><\/p>\n<p><em>\u201c<strong>Esta gesti\u00f3n se est\u00e1 haciendo cargo de una deuda con la AFIP que se tom\u00f3 en la gesti\u00f3n de De Paolo<\/strong> pero de eso se trata la gesti\u00f3n de Estado, seguir adelante. <strong>Ya tuvieron esta actitud en otra oportunidad y vemos aqu\u00ed al kirchnerismo en su m\u00e1xima expresi\u00f3n en no permitir que las cosas se solucionen desde adentro<\/strong>. <strong>Imagino que cada uno de ustedes miren a la cara de los vecinos porque le truncaron el desarrollo a muchas familias alvearenses<\/strong>\u201d.<\/em><\/p>\n<h4><strong>Alejandra Torti<\/strong><\/h4>\n<p><em>\u201c<strong>No nos propusieron nada solo chicanear y es una l\u00e1stima<\/strong>. Queremos que la gente tenga mejor calidad de vida y no hemos vista que ninguno del gobierno nacional recorri\u00f3 a los comercios y percibi\u00f3 sus necesidades. <strong>Ahora cambian su postura y con el discurso no llegamos a ning\u00fan lado porque la idea es inyectar dinero y hacer girar la rueda<\/strong>. Y sobre lo que han dicho sobre el Presupuesto es eso, no quiere decir que todo lo que se propuso se lleve a cabo por la misma palabra lo define\u201d.<\/em><\/p>\n<h4><strong>Jos\u00e9 Mor\u00e1n<\/strong><\/h4>\n<p><em>\u201c<strong>Con qu\u00e9 cara van a ir a su casa los trabajadores sin este trabajo cuando no tengan fondos para comprar la comida<\/strong>. <strong>Se habla del FMI, \u00bfCu\u00e1ndo va a llegar la ayuda? O esperar un programa nacional sin saber cu\u00e1ndo va a llegar porque por ahora son t\u00edtulos. Hay que ser coherentes y responsables. Tengamos presente que la realidad es la de los alvearenses<\/strong>\u201d.<\/em><\/p>\n<p><em>\u201c<strong>No hemos visto aportes ni propuestas para mejorar ni llegar a un buen puerto y quiero decirles que cuando ese comercio no tenga la inyecci\u00f3n o una empresa que no pueda licitar obras ser\u00e1 nuestra responsabilidad<\/strong>. Este endeudamiento fue siempre pensado para la obra p\u00fablica pero para generar empleo y esos fondos giren en el departamento en estos meses de crisis grave. <strong>Creo que desde nuestro bloque brindamos todas las posibilidad para que se realicen aportes y el d\u00eda de ma\u00f1ana llegar al vecinos y decirles que hicimos todo lo posible para ayudarlos<\/strong>\u201d.<\/em><\/p>\n<h4 style=\"text-align: center;\"><strong>BLOQUE PJ<\/strong><\/h4>\n<h4><strong>Myrna Osorio<\/strong><\/h4>\n<p>\u201c<em><strong>Consideramos que es una responsabilidad las que nos competen porque comprometen los magros recursos del erario municipal y sentimos que se afecta a los alvearenses<\/strong>. Sabemos de la situaci\u00f3n cr\u00edtica econ\u00f3mica que transitamos y en esto la recaudaci\u00f3n municipal \u00a0sigue cayendo por eso pregunto si es responsable por parte de la administraci\u00f3n local endeudarse cuando los ingresos por recaudaci\u00f3n han sido bajos\u201d.<\/em><\/p>\n<p><em>\u201c<strong>\u00bfQu\u00e9 va a pasar cuando tengamos que pagar el cr\u00e9dito? Sabemos cu\u00e1l es la variable de ajuste \u00a0y afectar\u00e1 directamente a los trabajadores ya que la coparticipaci\u00f3n viene deprimida<\/strong>. Ser\u00eda mejor que todos nos unamos y trabajemos junto al intendente y pidamos las obras a trav\u00e9s de los programas nacionales que han sido lanzados. <strong>Nos comprometemos junto al Intendente reclamar en la Naci\u00f3n obras que lleguen al departamento al igual que ante el Gobernador<\/strong><\/em>\u201d, sostuvo Osorio, quien culmin\u00f3 \u201c<strong><em>No hay obras que produzcan obras de reactivaci\u00f3n econ\u00f3mica porque esto genera trabajo durante meses solamente por eso tenemos que ser responsables en este sentido y no ser caprichosos en aprobar algo como un endeudamiento<\/em><\/strong><em>\u201d.<\/em><\/p>\n<h4><strong>Javier Garc\u00eda<\/strong><\/h4>\n<p><em>\u201cEs un endeudamiento con una tasa de inter\u00e9s europeo por el sistema de amortizaci\u00f3n. <strong>Es importante la obra p\u00fablica para un municipio porque es la forma de inyectar dinero para que se reactive pero no con un endeudamiento de $50 millones<\/strong> \u00a0porque <strong>hay que tener las cosas claras cuando uno quiere adoptar tales medidas<\/strong>. <strong>Hablando de endeudamiento de $50 millones que entre IVA e intereses pagaremos $40 millones m\u00e1s vinculando a gestiones y generaciones futuras<\/strong>. <strong>Entendemos que las entidades intermedias sean empoderadas<\/strong> porque por ah\u00ed pasar\u00e1 el crecimiento del departamento en este sentido\u201d.<\/em><\/p>\n<h4 style=\"text-align: center;\"><strong>BLOQUE PRO<\/strong><\/h4>\n<h4><strong>Daniel Lopez<\/strong><\/h4>\n<p>\u201c<em><strong>Como en este bloque lo hemos expresado, siempre entendimos que no pod\u00edamos desde Alvear estar esperando las d\u00e1divas\u00a0y hacer alusi\u00f3n a la frase que todos los caminos conducen a Roma. Parece que siempre tenemos que esperar a quien se siente en el gobierno nacional de turno<\/strong>\u00ab.<\/em><\/p>\n<p><em>\u00abDesgraciadamente y por ese orden de prioridad que tenemos nos encontramos en esta curva donde no hay iniciativas locales, donde la recesi\u00f3n econ\u00f3mica nos ha pegado mal, donde hay fuga de j\u00f3venes y <strong>creo que podemos desde Alvear dar el ejemplo dejando de lado los condicionamientos partidarios y de una buena vez anteponer los vecinos antes que lo partidario. Convoco que dejemos de lado los sentimientos pol\u00edticos y trabajemos por el bienestar general<\/strong>\u201d.<\/em><\/p>\n<h5><em>\u2022F.B. (F.M. Vi\u00f1as).<\/em><\/h5>\n<p>&nbsp;<\/p>\n","protected":false},"excerpt":{"rendered":"<p>A partir de las 10:30h de este jueves, el Honorable Concejo Deliberante desarroll\u00f3 una importante sesi\u00f3n donde el tema destacado fue &#8230;<\/p>\n","protected":false},"author":8,"featured_media":45436,"comment_status":"open","ping_status":"open","sticky":false,"template":"","format":"standard","meta":{"footnotes":""},"categories":[5,26],"tags":[],"class_list":["post-68975","post","type-post","status-publish","format-standard","has-post-thumbnail","hentry","category-actualidad","category-hcd"],"_links":{"self":[{"href":"https:\/\/vinasfm.com\/noticias\/wp-json\/wp\/v2\/posts\/68975","targetHints":{"allow":["GET"]}}],"collection":[{"href":"https:\/\/vinasfm.com\/noticias\/wp-json\/wp\/v2\/posts"}],"about":[{"href":"https:\/\/vinasfm.com\/noticias\/wp-json\/wp\/v2\/types\/post"}],"author":[{"embeddable":true,"href":"https:\/\/vinasfm.com\/noticias\/wp-json\/wp\/v2\/users\/8"}],"replies":[{"embeddable":true,"href":"https:\/\/vinasfm.com\/noticias\/wp-json\/wp\/v2\/comments?post=68975"}],"version-history":[{"count":2,"href":"https:\/\/vinasfm.com\/noticias\/wp-json\/wp\/v2\/posts\/68975\/revisions"}],"predecessor-version":[{"id":69028,"href":"https:\/\/vinasfm.com\/noticias\/wp-json\/wp\/v2\/posts\/68975\/revisions\/69028"}],"wp:featuredmedia":[{"embeddable":true,"href":"https:\/\/vinasfm.com\/noticias\/wp-json\/wp\/v2\/media\/45436"}],"wp:attachment":[{"href":"https:\/\/vinasfm.com\/noticias\/wp-json\/wp\/v2\/media?parent=68975"}],"wp:term":[{"taxonomy":"category","embeddable":true,"href":"https:\/\/vinasfm.com\/noticias\/wp-json\/wp\/v2\/categories?post=68975"},{"taxonomy":"post_tag","embeddable":true,"href":"https:\/\/vinasfm.com\/noticias\/wp-json\/wp\/v2\/tags?post=68975"}],"curies":[{"name":"wp","href":"https:\/\/api.w.org\/{rel}","templated":true}]}}