{"id":68953,"date":"2020-05-07T09:58:39","date_gmt":"2020-05-07T12:58:39","guid":{"rendered":"http:\/\/vinasfm.com\/noticias\/?p=68953"},"modified":"2020-05-08T10:18:11","modified_gmt":"2020-05-08T13:18:11","slug":"el-municipio-y-federacion-agraria-unidos-para-potenciar-el-sector-de-la-ciruela","status":"publish","type":"post","link":"https:\/\/vinasfm.com\/noticias\/el-municipio-y-federacion-agraria-unidos-para-potenciar-el-sector-de-la-ciruela\/","title":{"rendered":"EL MUNICIPIO Y FEDERACI\u00d3N AGRARIA UNIDOS PARA POTENCIAR EL SECTOR DE LA CIRUELA"},"content":{"rendered":"<h4><strong>En la ma\u00f1ana del mi\u00e9rcoles desde el Municipio se firm\u00f3 el Estatuto de Asociaci\u00f3n Ad-Hoc Cl\u00faster de Ciruela Industria, junto al Presidente de Federaci\u00f3n Agraria Argentina (FFAA) Carlos Achetoni, y a Francisco Araujo, Coordinador General del Cluster Ciruela de Industria de Mendoza.<\/strong><\/h4>\n<p>Con esta firma, la comuna de General Alvear se transforma en una de las doce entidades fundadoras del Cl\u00faster. Esto pone al departamento en una posici\u00f3n de privilegio ya que ser\u00e1 parte del directorio que buscar\u00e1 una mejora competitiva en el sector.<\/p>\n<p>En dialogo con F.M. Vi\u00f1as Achetoni manifest\u00f3 que \u201ce<em>s muy importante, para darle integridad e integraci\u00f3n a la cadena de ciruela<\/em>\u201d, un sector con mucha preponderancia en Alvear.<\/p>\n<p><strong><em>\u201cA los productores hay que permitirles que se integren, que tengan la capacidad productiva de la mejor manera para poder seguir en el circuito productivo\u201d<\/em><\/strong>, sostuvo el dirigente ruralista.<\/p>\n<p>Los cl\u00faster van dirigidos a la <strong>mejora competitiva, productiva, de inserci\u00f3n e impulso<\/strong>, en este caso al sector primario. \u201c<em>Es importante que Federaci\u00f3n este representando la Vicepresidencia\u201d.<\/em><\/p>\n<p>En un producto con a<strong>lta demanda en el marcado internacional<\/strong>, las principales complicaciones para exportar en nuestro pa\u00eds est\u00e1n dadas por la falta de previsibilidad econ\u00f3mica y pol\u00edtica, aranceles que competidores como Chile no tienen, altos costos en producci\u00f3n y flete, gran variabilidad productiva por inclemencias clim\u00e1ticas, pese a la mejor calidad de la ciruela.<\/p>\n<p>Una de las propuestas es crear \u201c<strong>un banco de producci\u00f3n<\/strong>\u00ab, para que cuando haya excedente se guarde, y el a\u00f1o que hay una merma en la cosecha, tener stock para poder mantener las ventas y los precios. La ciruela desecada dura entre 2 y 3 a\u00f1os promedio, entre que es industrializada y consumida.<\/p>\n<p><em>\u201cTenemos buena producci\u00f3n y muy buena calidad, superior a otros pa\u00edses como Chile, pero no sabemos aprovechar el potencial que tenemos\u201d<\/em>, complet\u00f3 Achetoni.<\/p>\n<h5><strong><em>A.C.<\/em><\/strong><\/h5>\n","protected":false},"excerpt":{"rendered":"<p>En la ma\u00f1ana del mi\u00e9rcoles desde el Municipio se firm\u00f3 el Estatuto de Asociaci\u00f3n Ad-Hoc Cl\u00faster de Ciruela Industria, junto al &#8230;<\/p>\n","protected":false},"author":7,"featured_media":68956,"comment_status":"open","ping_status":"open","sticky":false,"template":"","format":"standard","meta":{"footnotes":""},"categories":[5,14],"tags":[],"class_list":["post-68953","post","type-post","status-publish","format-standard","has-post-thumbnail","hentry","category-actualidad","category-agro"],"_links":{"self":[{"href":"https:\/\/vinasfm.com\/noticias\/wp-json\/wp\/v2\/posts\/68953","targetHints":{"allow":["GET"]}}],"collection":[{"href":"https:\/\/vinasfm.com\/noticias\/wp-json\/wp\/v2\/posts"}],"about":[{"href":"https:\/\/vinasfm.com\/noticias\/wp-json\/wp\/v2\/types\/post"}],"author":[{"embeddable":true,"href":"https:\/\/vinasfm.com\/noticias\/wp-json\/wp\/v2\/users\/7"}],"replies":[{"embeddable":true,"href":"https:\/\/vinasfm.com\/noticias\/wp-json\/wp\/v2\/comments?post=68953"}],"version-history":[{"count":1,"href":"https:\/\/vinasfm.com\/noticias\/wp-json\/wp\/v2\/posts\/68953\/revisions"}],"predecessor-version":[{"id":68960,"href":"https:\/\/vinasfm.com\/noticias\/wp-json\/wp\/v2\/posts\/68953\/revisions\/68960"}],"wp:featuredmedia":[{"embeddable":true,"href":"https:\/\/vinasfm.com\/noticias\/wp-json\/wp\/v2\/media\/68956"}],"wp:attachment":[{"href":"https:\/\/vinasfm.com\/noticias\/wp-json\/wp\/v2\/media?parent=68953"}],"wp:term":[{"taxonomy":"category","embeddable":true,"href":"https:\/\/vinasfm.com\/noticias\/wp-json\/wp\/v2\/categories?post=68953"},{"taxonomy":"post_tag","embeddable":true,"href":"https:\/\/vinasfm.com\/noticias\/wp-json\/wp\/v2\/tags?post=68953"}],"curies":[{"name":"wp","href":"https:\/\/api.w.org\/{rel}","templated":true}]}}