{"id":68952,"date":"2020-05-07T00:55:41","date_gmt":"2020-05-07T03:55:41","guid":{"rendered":"http:\/\/vinasfm.com\/noticias\/?p=68952"},"modified":"2020-05-08T10:23:50","modified_gmt":"2020-05-08T13:23:50","slug":"salice-sostuvo-que-la-decision-sobre-la-reactivacion-de-la-obra-publica-depende-de-la-oposicion","status":"publish","type":"post","link":"https:\/\/vinasfm.com\/noticias\/salice-sostuvo-que-la-decision-sobre-la-reactivacion-de-la-obra-publica-depende-de-la-oposicion\/","title":{"rendered":"SALICE SOSTUVO QUE LA DECISI\u00d3N SOBRE LA REACTIVACI\u00d3N DE LA OBRA P\u00daBLICA DEPENDE DE LA OPOSICI\u00d3N"},"content":{"rendered":"<h4><strong>A partir de las 10:30h de este jueves, el Honorable Concejo Deliberante decidir\u00e1 si aprueba el proyecto del ejecutivo PROyE (Programa de Obra P\u00fablica y Empleo) por el cual se necesita la aprobaci\u00f3n de endeudamiento.<\/strong><\/h4>\n<p>Ser\u00e1 en una sesi\u00f3n ordinaria en la que <strong>al menos 7 de los ediles deben acompa\u00f1ar el proyecto<\/strong> por lo que debe \u201c<strong><em>contar con el apoyo de la oposici\u00f3n para la aprobaci\u00f3n a fin de poder reactivar la obra p\u00fablica y la econom\u00eda local<\/em><\/strong>\u00ab.<\/p>\n<p><em>\u00abEstamos transitando una pandemia que ha provocado un p\u00e1rate total del estado afectando la econom\u00eda. Si bien se ha flexibilizado algunas actividades pero de manera paralela hay que pensar c\u00f3mo se reactiva la econom\u00eda y este proyecto tiene como objetivo eso<\/em>\u201d, explic\u00f3 la presidente del cuerpo legislativo alvearense, Patricia Salice.<\/p>\n<p>En la misma l\u00ednea, la edil expres\u00f3 a trav\u00e9s de <strong><em>F.M Vi\u00f1as<\/em><\/strong>: \u201c<strong><em>Este empr\u00e9stito pretende reactivar la econom\u00eda a trav\u00e9s de la obra p\u00fablica donde se ver\u00edan beneficiados los proveedores y comerciantes por el compre local con una importante apuesta del Estado<\/em><\/strong><em>\u201d.<\/em><\/p>\n<p>Luego de ser tratado en comisiones, el proyecto sufri\u00f3 modificaciones: \u201c<strong><em>Baj\u00f3 por un monto de $100.000.000 y debido a la propuesta del Banco Naci\u00f3n, que analiza la situaci\u00f3n de la comuna, se redujo a $50.000.000<\/em><\/strong><em>\u201d.<\/em><\/p>\n<p>Al ser consultada por la postura que puede tomar el bloque justicialista en la votaci\u00f3n, la presidente del Concejo opin\u00f3 que \u201c<em>hay incertidumbre porque si bien el proyecto fue abordado y se ha comprendido las condiciones y garant\u00eda de la oposici\u00f3n y <strong>hemos notado que no hubo predisposici\u00f3n al dialogo por eso esperamos que en la votaci\u00f3n se piense en los intereses de los alvearenses<\/strong><\/em>\u201d.<\/p>\n<p>\u201c<strong><em>Deber\u00edamos mirar por cada uno de los vecinos sin distinci\u00f3n partidaria y desear\u00eda que no se colaran intereses pol\u00edticos o miradas que no le hacen bien al conjunto de la sociedad<\/em><\/strong>\u201d, reflexion\u00f3.<\/p>\n<h5><em>F.B. (F.M. Vi\u00f1as).<\/em><\/h5>\n","protected":false},"excerpt":{"rendered":"<p>A partir de las 10:30h de este jueves, el Honorable Concejo Deliberante decidir\u00e1 si aprueba el proyecto del ejecutivo PROyE (Programa &#8230;<\/p>\n","protected":false},"author":8,"featured_media":68957,"comment_status":"open","ping_status":"open","sticky":false,"template":"","format":"standard","meta":{"footnotes":""},"categories":[5,26],"tags":[],"class_list":["post-68952","post","type-post","status-publish","format-standard","has-post-thumbnail","hentry","category-actualidad","category-hcd"],"_links":{"self":[{"href":"https:\/\/vinasfm.com\/noticias\/wp-json\/wp\/v2\/posts\/68952","targetHints":{"allow":["GET"]}}],"collection":[{"href":"https:\/\/vinasfm.com\/noticias\/wp-json\/wp\/v2\/posts"}],"about":[{"href":"https:\/\/vinasfm.com\/noticias\/wp-json\/wp\/v2\/types\/post"}],"author":[{"embeddable":true,"href":"https:\/\/vinasfm.com\/noticias\/wp-json\/wp\/v2\/users\/8"}],"replies":[{"embeddable":true,"href":"https:\/\/vinasfm.com\/noticias\/wp-json\/wp\/v2\/comments?post=68952"}],"version-history":[{"count":2,"href":"https:\/\/vinasfm.com\/noticias\/wp-json\/wp\/v2\/posts\/68952\/revisions"}],"predecessor-version":[{"id":68965,"href":"https:\/\/vinasfm.com\/noticias\/wp-json\/wp\/v2\/posts\/68952\/revisions\/68965"}],"wp:featuredmedia":[{"embeddable":true,"href":"https:\/\/vinasfm.com\/noticias\/wp-json\/wp\/v2\/media\/68957"}],"wp:attachment":[{"href":"https:\/\/vinasfm.com\/noticias\/wp-json\/wp\/v2\/media?parent=68952"}],"wp:term":[{"taxonomy":"category","embeddable":true,"href":"https:\/\/vinasfm.com\/noticias\/wp-json\/wp\/v2\/categories?post=68952"},{"taxonomy":"post_tag","embeddable":true,"href":"https:\/\/vinasfm.com\/noticias\/wp-json\/wp\/v2\/tags?post=68952"}],"curies":[{"name":"wp","href":"https:\/\/api.w.org\/{rel}","templated":true}]}}