{"id":68839,"date":"2020-05-05T10:53:10","date_gmt":"2020-05-05T13:53:10","guid":{"rendered":"http:\/\/vinasfm.com\/noticias\/?p=68839"},"modified":"2020-05-06T12:34:54","modified_gmt":"2020-05-06T15:34:54","slug":"san-luis-dice-que-mendoza-fue-la-que-corto-la-ruta-188","status":"publish","type":"post","link":"https:\/\/vinasfm.com\/noticias\/san-luis-dice-que-mendoza-fue-la-que-corto-la-ruta-188\/","title":{"rendered":"SAN LUIS DICE QUE MENDOZA FUE LA QUE CORT\u00d3 LA RUTA 188"},"content":{"rendered":"<h4><strong>Todo se inici\u00f3 este s\u00e1bado por la madrugada, con la excusa de mantener el estatus sanitario durante la pandemia. La noticia se conoci\u00f3 a trav\u00e9s de un comunicado que eman\u00f3 desde la Polic\u00eda mendocina:\u00a0\u201cLa provincia de San Luis comunica que la ruta 188 se encuentra cortada, ida y vuelta, incluido el transporte de cargas por lo que deben circular por la ruta 7 hasta nueva orden\u201d,\u00a0informaron.<\/strong><\/h4>\n<p>Sin embargo, el coordinador del Ministerio de Justicia, Seguridad, Gobierno y Culto,<strong> Luciano Anastasi, explic\u00f3 que Mendoza tom\u00f3 la decisi\u00f3n de cortar la Ruta 188 y esa decisi\u00f3n fue comunicada por la Polic\u00eda Caminera de esa provincia a la de San Luis,<\/strong> y ratificada luego por el ministro de Seguridad de Mendoza, Ra\u00fal Levrino al coordinador.<\/p>\n<p>Es por eso que San Luis decidi\u00f3 levantar la operatividad del puesto. \u201cEsta ma\u00f1ana un transporte de carga intent\u00f3 entrar por ese lugar y al no estar operativo no pudo pasar. Inmediatamente, lo pusimos nuevamente operativo y, a la tarde, el ministro Levrino, en comunicaci\u00f3n telef\u00f3nica, me confirm\u00f3 que retrotrajeron la decisi\u00f3n y van a permitir exclusivamente el tr\u00e1nsito de transporte de carga, no as\u00ed el de veh\u00edculos particulares\u201d, explic\u00f3 el funcionario.<\/p>\n<p>\u201cLa provincia va a mantener la operatividad porque es necesaria para el control y es Mendoza quien no permite el ingreso ni egreso de autos particulares desde y hacia San Luis\u201d, aclar\u00f3 Anastasi.<\/p>\n<p>\u201cHubo evidentemente una falta de comunicaci\u00f3n de la provincia vecina, en este sentido, venimos trabajando de manera coordinada y fallaron al no dejarnos en claro cu\u00e1l era la medida para el d\u00eda de hoy. San Luis lo \u00fanico que hizo fue acompa\u00f1ar lo que ellos decidieron\u201d, finaliz\u00f3 el coordinador.<\/p>\n<p><strong>No es la primera vez que hay conflictos con San Luis.<\/strong>\u00a0Unas 48 horas antes de la entrada en vigencia de la cuarentena obligatoria, San Luis cort\u00f3 todos sus accesos, sin importar si eran rutas de jurisdicci\u00f3n provincial o nacional y al igual que ahora, solo dej\u00f3 liberada la ruta nacional 7.<\/p>\n<h5><em><strong>A.C.<\/strong><\/em><\/h5>\n","protected":false},"excerpt":{"rendered":"<p>Todo se inici\u00f3 este s\u00e1bado por la madrugada, con la excusa de mantener el estatus sanitario durante la pandemia. La noticia &#8230;<\/p>\n","protected":false},"author":7,"featured_media":68760,"comment_status":"open","ping_status":"open","sticky":false,"template":"","format":"standard","meta":{"footnotes":""},"categories":[5],"tags":[],"class_list":["post-68839","post","type-post","status-publish","format-standard","has-post-thumbnail","hentry","category-actualidad"],"_links":{"self":[{"href":"https:\/\/vinasfm.com\/noticias\/wp-json\/wp\/v2\/posts\/68839","targetHints":{"allow":["GET"]}}],"collection":[{"href":"https:\/\/vinasfm.com\/noticias\/wp-json\/wp\/v2\/posts"}],"about":[{"href":"https:\/\/vinasfm.com\/noticias\/wp-json\/wp\/v2\/types\/post"}],"author":[{"embeddable":true,"href":"https:\/\/vinasfm.com\/noticias\/wp-json\/wp\/v2\/users\/7"}],"replies":[{"embeddable":true,"href":"https:\/\/vinasfm.com\/noticias\/wp-json\/wp\/v2\/comments?post=68839"}],"version-history":[{"count":1,"href":"https:\/\/vinasfm.com\/noticias\/wp-json\/wp\/v2\/posts\/68839\/revisions"}],"predecessor-version":[{"id":68840,"href":"https:\/\/vinasfm.com\/noticias\/wp-json\/wp\/v2\/posts\/68839\/revisions\/68840"}],"wp:featuredmedia":[{"embeddable":true,"href":"https:\/\/vinasfm.com\/noticias\/wp-json\/wp\/v2\/media\/68760"}],"wp:attachment":[{"href":"https:\/\/vinasfm.com\/noticias\/wp-json\/wp\/v2\/media?parent=68839"}],"wp:term":[{"taxonomy":"category","embeddable":true,"href":"https:\/\/vinasfm.com\/noticias\/wp-json\/wp\/v2\/categories?post=68839"},{"taxonomy":"post_tag","embeddable":true,"href":"https:\/\/vinasfm.com\/noticias\/wp-json\/wp\/v2\/tags?post=68839"}],"curies":[{"name":"wp","href":"https:\/\/api.w.org\/{rel}","templated":true}]}}