{"id":68819,"date":"2020-05-05T12:00:41","date_gmt":"2020-05-05T15:00:41","guid":{"rendered":"http:\/\/vinasfm.com\/noticias\/?p=68819"},"modified":"2020-05-06T14:30:47","modified_gmt":"2020-05-06T17:30:47","slug":"la-dge-confirmo-que-habra-notas-en-la-libreta-despues-de-las-vacaciones-de-invierno","status":"publish","type":"post","link":"https:\/\/vinasfm.com\/noticias\/la-dge-confirmo-que-habra-notas-en-la-libreta-despues-de-las-vacaciones-de-invierno\/","title":{"rendered":"LA DGE CONFIRM\u00d3 QUE HABR\u00c1 NOTAS EN LA LIBRETA DESPU\u00c9S DE LAS VACACIONES DE INVIERNO"},"content":{"rendered":"<h5><strong>El titular de la Direcci\u00f3n General de Escuelas (DGE),\u00a0Jos\u00e9 Thomas, afirm\u00f3 este lunes\u00a0que en este\u00a0primer semestre del a\u00f1o no va a haber notas en la libreta, evaluaciones que quedar\u00e1n abiertas hasta\u00a0despu\u00e9s de las vacaciones de invierno.<\/strong><\/h5>\n<p>Thomas, en declaraciones a\u00a0<em>Radio Nihuil<\/em>, asegur\u00f3:\u00a0<strong>\u00abNo se va a cerrar el primer trimestre de la primaria, ni el primer cuatrimestre de la secundaria; se va a dejar abierto para que se cierre despu\u00e9s del receso invernal\u00bb.<\/strong><\/p>\n<p>Esto es para el\u00a0<strong>100% de sistema educativo de Mendoza<\/strong>, tanto de escuelas p\u00fablicas como privadas.<\/p>\n<p>El director de la DGE durante la entrevista dijo que\u00a0\u00abtodos los docentes est\u00e1n evaluando, de una u otra manera. Quiero llevar un poco de tranquilidad y orden\u00bb, en relaci\u00f3n a diversos trascendidos que circulan, y agreg\u00f3 que \u00abhay una evaluaci\u00f3n formativa permanente, que es la devoluci\u00f3n que el docente le hace a cada alumno sobre c\u00f3mo va su trayectoria educativa\u00bb.<\/p>\n<p><strong>\u00abEsa evaluaci\u00f3n formativa es necesaria para poder seguir cada trayectoria\u00bb<\/strong>, afirm\u00f3.<\/p>\n<p>Thomas asegur\u00f3 que \u00aben este tiempo de pandemia y en todo el inicio (de la cuarentena) es tiempo de acreditaci\u00f3n\u00bb de todas las tareas que se est\u00e1n realizando de manera digital y a la distancia.<\/p>\n<p><strong>\u00abEstamos haciendo una resoluci\u00f3n y la hemos demorado, porque queremos buscar consensos ya que estamos armando y aprendiendo sobre el sistema\u00bb<\/strong>, dijo el funcionario de la cartera educativa en relaci\u00f3n a que van a quedar abiertas para despu\u00e9s del receso invernal las evaluaciones de la primera mitad del a\u00f1o.<\/p>\n<p>Explic\u00f3 que \u00abesto no va a ser igual para todos los niveles\u00bb, y si bien dijo que a\u00fan lo est\u00e1n armando, sostuvo que \u00abuna forma de devolverle al alumno puede ser a trav\u00e9s de una nota (num\u00e9rica) pero tambi\u00e9n puede haber una devoluci\u00f3n cualitativa en la cual nos interesa llegar a cada padre y al chico con informaci\u00f3n cualitativa de c\u00f3mo va avanzando esta trayectoria\u00bb.<\/p>\n<h4 style=\"text-align: center;\"><strong>Contenidos educativos<\/strong><\/h4>\n<p>En relaci\u00f3n a los contenidos, asegur\u00f3 que se est\u00e1n entregando en forma virtual: \u00abObviamente que los docentes van a tener en cuenta todo lo que los alumnos van desarrollando, es decir que se va a tener en cuenta todo lo que el alumno logra\u00bb.<\/p>\n<p>Thomas apunt\u00f3 que el sistema hoy tambi\u00e9n est\u00e1 evaluando si el alumno tiene internet en su casa, si tiene las comodidades necesarias, como un lugar donde sentarse, o si los padres pueden ayudarlo.<\/p>\n<p>\u00abSon cosas que est\u00e1n modificando la realidad del aprendizaje en cada chico\u00bb, analiz\u00f3.<\/p>\n<p>El titular de la cartera educativa puntualiz\u00f3 que hasta hoy \u00abel sistema eval\u00faa tradicionalmente\u00bb, pero en ese sentido se\u00f1al\u00f3 que \u00abvamos a retocar los aprendizajes prioritarios\u00bb ya que \u00abla pandemia nos ha permitido focalizar en cuanto a esos aprendizajes prioritarios\u00bb, por lo que vamos a tener que \u00abreperfilar\u00bb esos objetivos.<\/p>\n<p>Thomas inform\u00f3 que \u00abestamos distribuyendo 4000 computadoras con conexi\u00f3n a internet que van a venir con un chip de conexi\u00f3n 4G, lo que puede impactar en m\u00e1s de 10 mil chicos\u00bb.<\/p>\n<p>\u00abVamos a tener que repensar todo lo que va a ocurrir en la segunda parte del a\u00f1o despu\u00e9s del receso\u00bb, sostuvo el funcionario, y finaliz\u00f3: \u00abNo hay una fecha estimativa para el regreso a clases\u00bb, pero especul\u00f3 que \u00absabemos que va a ser despu\u00e9s del receso\u00bb.<\/p>\n<h5><em>Fuente: El Ciudadano. \/ F.B.<\/em><\/h5>\n","protected":false},"excerpt":{"rendered":"<p>El titular de la Direcci\u00f3n General de Escuelas (DGE),\u00a0Jos\u00e9 Thomas, afirm\u00f3 este lunes\u00a0que en este\u00a0primer semestre del a\u00f1o no va a &#8230;<\/p>\n","protected":false},"author":8,"featured_media":64754,"comment_status":"open","ping_status":"open","sticky":false,"template":"","format":"standard","meta":{"footnotes":""},"categories":[5,18],"tags":[],"class_list":["post-68819","post","type-post","status-publish","format-standard","has-post-thumbnail","hentry","category-actualidad","category-educacion"],"_links":{"self":[{"href":"https:\/\/vinasfm.com\/noticias\/wp-json\/wp\/v2\/posts\/68819","targetHints":{"allow":["GET"]}}],"collection":[{"href":"https:\/\/vinasfm.com\/noticias\/wp-json\/wp\/v2\/posts"}],"about":[{"href":"https:\/\/vinasfm.com\/noticias\/wp-json\/wp\/v2\/types\/post"}],"author":[{"embeddable":true,"href":"https:\/\/vinasfm.com\/noticias\/wp-json\/wp\/v2\/users\/8"}],"replies":[{"embeddable":true,"href":"https:\/\/vinasfm.com\/noticias\/wp-json\/wp\/v2\/comments?post=68819"}],"version-history":[{"count":1,"href":"https:\/\/vinasfm.com\/noticias\/wp-json\/wp\/v2\/posts\/68819\/revisions"}],"predecessor-version":[{"id":68820,"href":"https:\/\/vinasfm.com\/noticias\/wp-json\/wp\/v2\/posts\/68819\/revisions\/68820"}],"wp:featuredmedia":[{"embeddable":true,"href":"https:\/\/vinasfm.com\/noticias\/wp-json\/wp\/v2\/media\/64754"}],"wp:attachment":[{"href":"https:\/\/vinasfm.com\/noticias\/wp-json\/wp\/v2\/media?parent=68819"}],"wp:term":[{"taxonomy":"category","embeddable":true,"href":"https:\/\/vinasfm.com\/noticias\/wp-json\/wp\/v2\/categories?post=68819"},{"taxonomy":"post_tag","embeddable":true,"href":"https:\/\/vinasfm.com\/noticias\/wp-json\/wp\/v2\/tags?post=68819"}],"curies":[{"name":"wp","href":"https:\/\/api.w.org\/{rel}","templated":true}]}}