{"id":68669,"date":"2020-05-01T06:30:18","date_gmt":"2020-05-01T09:30:18","guid":{"rendered":"http:\/\/vinasfm.com\/noticias\/?p=68669"},"modified":"2020-05-01T12:14:45","modified_gmt":"2020-05-01T15:14:45","slug":"mediante-un-comunicado-los-ediles-oficialistas-repudiaron-la-liberacion-de-presos-en-el-pais","status":"publish","type":"post","link":"https:\/\/vinasfm.com\/noticias\/mediante-un-comunicado-los-ediles-oficialistas-repudiaron-la-liberacion-de-presos-en-el-pais\/","title":{"rendered":"MEDIANTE UN COMUNICADO, LOS EDILES OFICIALISTAS REPUDIARON LA LIBERACI\u00d3N DE PRESOS EN EL PA\u00cdS"},"content":{"rendered":"<h4><strong><span style=\"line-height: 1.5;\">Los Concejales de los Bloques U.C.R. Y PRO, del Honorable Concejo Deliberante de General Alvear hicieron p\u00fablico su en\u00e9rgico repudio a las medidas que permiten el cumplimiento de penas carcelarias efectivas en el domicilio. <\/span><\/strong><\/h4>\n<p>Desde el interbloque oficialista sostuvieron que su acci\u00f3n obedece a que \u00ab<em>e<span style=\"line-height: 1.5;\">stas medidas benefician a quienes est\u00e1n cumpliendo condena por delitos graves, y que son los mismos que cercenaron los derechos de sus v\u00edctimas al infringir la ley\u00bb.<\/span><\/em><\/p>\n<p>\u00ab<em>Convencidos que, de igual manera a quienes gozamos de la libertad, confrontando la pandemia por el COVID19 en nuestros hogares, los diversos penales deber\u00e1n tomar las medidas pertinentes para que en el confinamiento de los internos se resguarden las medidas de salubridad impuestas<\/em>\u00ab, reza el comunicado.<\/p>\n<p><strong>Patricia Salice,\u00a0Daniel L\u00f3pez Zamogilny,\u00a0Pablo Longo,\u00a0Alejandra Torti,\u00a0Jos\u00e9 Mor\u00e1n<\/strong> y\u00a0<strong>Mabel Uccelli<\/strong> formaron el comunicado que culmina afirmando: \u00ab<em>Los jueces deber\u00e1n ser garantes de esta situaci\u00f3n y dirigir su accionar a propiciar que las c\u00e1rceles sean acordes, sin poner en riesgo a la sociedad y espec\u00edficamente a quienes fueron v\u00edctimas del accionar de los condenados\u00bb.<\/em><\/p>\n<h5><em>F.B. (F.M. Vi\u00f1as).<\/em><\/h5>\n","protected":false},"excerpt":{"rendered":"<p>Los Concejales de los Bloques U.C.R. Y PRO, del Honorable Concejo Deliberante de General Alvear hicieron p\u00fablico su en\u00e9rgico repudio a &#8230;<\/p>\n","protected":false},"author":8,"featured_media":45436,"comment_status":"open","ping_status":"open","sticky":false,"template":"","format":"standard","meta":{"footnotes":""},"categories":[1],"tags":[],"class_list":["post-68669","post","type-post","status-publish","format-standard","has-post-thumbnail","hentry","category-fmvinas"],"_links":{"self":[{"href":"https:\/\/vinasfm.com\/noticias\/wp-json\/wp\/v2\/posts\/68669","targetHints":{"allow":["GET"]}}],"collection":[{"href":"https:\/\/vinasfm.com\/noticias\/wp-json\/wp\/v2\/posts"}],"about":[{"href":"https:\/\/vinasfm.com\/noticias\/wp-json\/wp\/v2\/types\/post"}],"author":[{"embeddable":true,"href":"https:\/\/vinasfm.com\/noticias\/wp-json\/wp\/v2\/users\/8"}],"replies":[{"embeddable":true,"href":"https:\/\/vinasfm.com\/noticias\/wp-json\/wp\/v2\/comments?post=68669"}],"version-history":[{"count":1,"href":"https:\/\/vinasfm.com\/noticias\/wp-json\/wp\/v2\/posts\/68669\/revisions"}],"predecessor-version":[{"id":68670,"href":"https:\/\/vinasfm.com\/noticias\/wp-json\/wp\/v2\/posts\/68669\/revisions\/68670"}],"wp:featuredmedia":[{"embeddable":true,"href":"https:\/\/vinasfm.com\/noticias\/wp-json\/wp\/v2\/media\/45436"}],"wp:attachment":[{"href":"https:\/\/vinasfm.com\/noticias\/wp-json\/wp\/v2\/media?parent=68669"}],"wp:term":[{"taxonomy":"category","embeddable":true,"href":"https:\/\/vinasfm.com\/noticias\/wp-json\/wp\/v2\/categories?post=68669"},{"taxonomy":"post_tag","embeddable":true,"href":"https:\/\/vinasfm.com\/noticias\/wp-json\/wp\/v2\/tags?post=68669"}],"curies":[{"name":"wp","href":"https:\/\/api.w.org\/{rel}","templated":true}]}}