{"id":68664,"date":"2020-05-01T08:18:12","date_gmt":"2020-05-01T11:18:12","guid":{"rendered":"http:\/\/vinasfm.com\/noticias\/?p=68664"},"modified":"2020-05-01T08:18:12","modified_gmt":"2020-05-01T11:18:12","slug":"todos-los-detalles-de-la-asamblea-legislativa-2020","status":"publish","type":"post","link":"https:\/\/vinasfm.com\/noticias\/todos-los-detalles-de-la-asamblea-legislativa-2020\/","title":{"rendered":"TODOS LOS DETALLES DE LA ASAMBLEA LEGISLATIVA 2020"},"content":{"rendered":"<h5><strong>El Gobernador de Mendoza, Rodolfo Suarez, inaugura a las 10 de este viernes 1\u00b0 de mayo el 180 per\u00edodo de sesiones ordinarias del Poder Legislativo Provincial. Con la modalidad virtual y a trav\u00e9s de la plataforma Zoom, el tradicional discurso ser\u00e1 compartido desde el recinto del edificio central de Poder Legislativo, situado en Patricias Mendocinas y Sarmiento v\u00eda sat\u00e9lite y streaming para todos los mendocinos.<\/strong><\/h5>\n<p>El mandatario solamente estar\u00e1 acompa\u00f1ado por el vicegobernador y presidente del Senado, Mario Abed; el presidente de C\u00e1mara de Diputados, Andr\u00e9s Lombardi, y los secretarios legislativos de ambas c\u00e1maras, David S\u00e1ez y Carolina Lettry, respectivamente.<\/p>\n<p>Desde\u00a0<a href=\"http:\/\/www.prensa.mendoza.gov.ar\/wp-content\/uploads\/sites\/5\/2020\/04\/Dossier-PRENSA-2.pdf\">aqu\u00ed<\/a> podr\u00e1s descargar el dossier de prensa que ha sido elaborado en coproducci\u00f3n con el \u00e1rea de Comunicaci\u00f3n y Prensa de la Legislatura. Contiene varias p\u00e1ginas, que permitir\u00e1n contextualizar la importancia hist\u00f3rica y pol\u00edtica de la actividad del 1\u00b0 de Mayo. De este modo, el material period\u00edstico contiene los siguientes puntos:<\/p>\n<ul>\n<li>El Gobernador Suarez abre el per\u00edodo 180 de sesiones ordinarias.<\/li>\n<li>Por qu\u00e9 un 1\u00b0 de mayo.<\/li>\n<li>Funcionamiento del Poder Legislativo.<\/li>\n<li>Or\u00edgenes de la Legislatura.<\/li>\n<li>Edificios: lo patrimonial y lo moderno.<\/li>\n<li>Las recepciones oficiales.<\/li>\n<\/ul>\n<h4><strong>Transmisi\u00f3n por canales y redes<\/strong><\/h4>\n<p>Por cuestiones de respeto al factor ocupacional, y a modo de prevenci\u00f3n, la transmisi\u00f3n ser\u00e1 v\u00eda streaming por los canales oficiales de la Legislatura (radio online y canal de YouTube), por se\u00f1al \u00fanica de TV y canales oficiales de Gobierno, sin la posibilidad de que ingresen periodistas, camar\u00f3grafos y fot\u00f3grafos a la Legislatura ni al recinto de sesiones.<\/p>\n<p>Periodistas y ciudadanos podr\u00e1n seguir el discurso tanto por el canal <a href=\"http:\/\/acequia.tv\/\">Acequia<\/a>, el <a href=\"https:\/\/www.facebook.com\/RodolfoSuarezMendoza\/\">Facebook<\/a> del Gobernador, <a href=\"https:\/\/www.legislaturamendoza.gov.ar\/radio\/\">radio<\/a> Legislatura y <a href=\"https:\/\/www.youtube.com\/channel\/UCCOUNrdFWrKAEWvHnCAPDcA\/videos\">Legislatura<\/a> TV.<\/p>\n<h4><strong>Cronograma completo de actividades<\/strong><\/h4>\n<ul>\n<li>9.15 Izamiento de la Bandera en Paseo Sarmiento a cargo del Vicegobernador y del Presidente de la Honorable C\u00e1mara de Diputados<\/li>\n<li>9.30 Inicio de la Asamblea Legislativa.<\/li>\n<li>9.45 Recibimiento del Gobernador de la Provincia e ingreso al recinto de sesiones.<\/li>\n<li>10.00 Se reinicia la Asamblea. El Gobernador ofrece su mensaje a la Asamblea Legislativa.<\/li>\n<\/ul>\n<h5><em>F.B.<\/em><\/h5>\n","protected":false},"excerpt":{"rendered":"<p>El Gobernador de Mendoza, Rodolfo Suarez, inaugura a las 10 de este viernes 1\u00b0 de mayo el 180 per\u00edodo de sesiones &#8230;<\/p>\n","protected":false},"author":8,"featured_media":68665,"comment_status":"open","ping_status":"open","sticky":false,"template":"","format":"standard","meta":{"footnotes":""},"categories":[5,43],"tags":[],"class_list":["post-68664","post","type-post","status-publish","format-standard","has-post-thumbnail","hentry","category-actualidad","category-legislatura"],"_links":{"self":[{"href":"https:\/\/vinasfm.com\/noticias\/wp-json\/wp\/v2\/posts\/68664","targetHints":{"allow":["GET"]}}],"collection":[{"href":"https:\/\/vinasfm.com\/noticias\/wp-json\/wp\/v2\/posts"}],"about":[{"href":"https:\/\/vinasfm.com\/noticias\/wp-json\/wp\/v2\/types\/post"}],"author":[{"embeddable":true,"href":"https:\/\/vinasfm.com\/noticias\/wp-json\/wp\/v2\/users\/8"}],"replies":[{"embeddable":true,"href":"https:\/\/vinasfm.com\/noticias\/wp-json\/wp\/v2\/comments?post=68664"}],"version-history":[{"count":1,"href":"https:\/\/vinasfm.com\/noticias\/wp-json\/wp\/v2\/posts\/68664\/revisions"}],"predecessor-version":[{"id":68666,"href":"https:\/\/vinasfm.com\/noticias\/wp-json\/wp\/v2\/posts\/68664\/revisions\/68666"}],"wp:featuredmedia":[{"embeddable":true,"href":"https:\/\/vinasfm.com\/noticias\/wp-json\/wp\/v2\/media\/68665"}],"wp:attachment":[{"href":"https:\/\/vinasfm.com\/noticias\/wp-json\/wp\/v2\/media?parent=68664"}],"wp:term":[{"taxonomy":"category","embeddable":true,"href":"https:\/\/vinasfm.com\/noticias\/wp-json\/wp\/v2\/categories?post=68664"},{"taxonomy":"post_tag","embeddable":true,"href":"https:\/\/vinasfm.com\/noticias\/wp-json\/wp\/v2\/tags?post=68664"}],"curies":[{"name":"wp","href":"https:\/\/api.w.org\/{rel}","templated":true}]}}